{"id":29824,"date":"2021-06-11T17:59:18","date_gmt":"2021-06-11T20:59:18","guid":{"rendered":"https:\/\/portalmovil.com.ar\/?p=29824"},"modified":"2021-06-11T17:59:24","modified_gmt":"2021-06-11T20:59:24","slug":"capitanich-inauguro-10-cuadras-de-pavimento-y-el-portal-de-acceso-en-la-clotilde","status":"publish","type":"post","link":"https:\/\/portalmovil.com.ar\/index.php\/2021\/06\/11\/capitanich-inauguro-10-cuadras-de-pavimento-y-el-portal-de-acceso-en-la-clotilde\/","title":{"rendered":"Capitanich inaugur\u00f3 10 cuadras de pavimento y el portal de acceso en La Clotilde"},"content":{"rendered":"\n<p>El gobernador Jorge Capitanich y el intendente V\u00edctor Gasko inauguraron este viernes diez cuadras de pavimento y el portal de acceso a La Clotilde que demandaron una inversi\u00f3n superior a los 32 millones de pesos, destacando que en poco tiempo m\u00e1s la comunidad llegar\u00e1 a las 100 cuadras pavimentadas desde su primera gesti\u00f3n de gobierno.<\/p>\n\n\n\n<p>En la ocasi\u00f3n tambi\u00e9n entreg\u00f3 un tractor y una desmalezadora, adquiridos a trav\u00e9s de la L\u00ednea 613 del Nuevo Banco del Chaco para fortalecer el funcionamiento del municipio. \u201cLa fuerza de los hechos es la que transforma la realidad. Esta localidad marca un camino de progreso\u201d, asegur\u00f3 Capitanich.<\/p>\n\n\n\n<p>Es que La Clotilde est\u00e1 incluida adem\u00e1s en el Programa Federal de Saneamiento, por lo que se realizar\u00e1n importantes inversiones para expandir las redes domiciliarias de cloacas, y tambi\u00e9n ser\u00e1 beneficiar\u00eda del segundo acueducto que garantizar\u00e1 flujo estable de agua potable. \u201cDe eso se trata la gesti\u00f3n, de la capacidad de transformar ideas en acci\u00f3n\u201d, sostuvo el gobernador.&nbsp;<\/p>\n\n\n\n<p>El intendente de La Clotilde agradeci\u00f3 por las obras realizadas y las que est\u00e1n en ejecuci\u00f3n, destac\u00f3 que ahora la comunidad tendr\u00e1 m\u00e1s comodidades, m\u00e1s seguridad y una mejor calidad de vida.&nbsp;<\/p>\n\n\n\n<p>Tambi\u00e9n estuvieron el ministro de Planificaci\u00f3n, Econom\u00eda e Infraestructura, Santiago P\u00e9rez Pons; el secretario de Municipios, Rodrigo Ocampo; el titular de la Direcci\u00f3n de Vialidad Provincial (DVP), Hugo Varela; el titular de Loter\u00eda Chaque\u00f1a, Gabriel Lemos; y la vocal de Loter\u00eda, Beatriz Bogado.<\/p>\n\n\n\n<p>\u201cAl cumplirse 18 meses de gesti\u00f3n, superamos la meta trazada por el Plan Integral para Municipios. Seguimos trabajando para que todos los chaque\u00f1os y las chaque\u00f1as mejoren su calidad de vida mediante servicios municipales en diferentes comunas de la provincia\u201d, destac\u00f3 por su parte Rodrigo Ocampo.<\/p>\n\n\n\n<p>En el acceso a la localidad se construy\u00f3 el portal, una senda peatonal, se hizo parquizaci\u00f3n y se coloc\u00f3 nueva iluminaci\u00f3n a trav\u00e9s de Loter\u00eda Chaque\u00f1a. En cuanto a la obra de pavimento financiada por la DVP, y ejecutada por el municipio local, se habilitaron las calles N\u00ba 5, entre 26 y 30; N\u00ba 26, entre 9 y 13; N\u00ba 30, entre 5 y 9; N\u00ba 3, entre 16 y 14; N\u00b0 30, entre 9 y 13; N\u00b0 13, entre 26 y 32;M y N\u00ba 32, entre 9 y 13. Tres cuadras son de tr\u00e1nsito pesado y las dem\u00e1s son de tr\u00e1nsito liviano.<\/p>\n\n\n\n<p>Durante la recorrida supervisaron tambi\u00e9n el avance de la 2.240 metros cuadrados de pavimento de la calle 28 (San Juan) entre calles 5 (San Mart\u00edn) y calle 13. Adem\u00e1s, se ejecutar\u00e1 pavimento sobre calle 32 (Mendoza) entre calle 9 ( Manuel Belgrano) y 11 (Julio Roca). Las obras, que tienen un avance del 20% demandan una inversi\u00f3n superior a los 7 millones de pesos.<\/p>\n","protected":false},"excerpt":{"rendered":"<p>El gobernador Jorge Capitanich y el intendente V\u00edctor Gasko inauguraron este viernes diez cuadras de pavimento y el portal de acceso a La Clotilde que demandaron una inversi\u00f3n superior a los 32 millones de pesos, destacando que en poco tiempo m\u00e1s la comunidad llegar\u00e1 a las 100 cuadras pavimentadas desde su primera gesti\u00f3n de gobierno. &hellip;<\/p>\n","protected":false},"author":2,"featured_media":29825,"comment_status":"open","ping_status":"open","sticky":false,"template":"","format":"standard","meta":{"_jetpack_memberships_contains_paid_content":false,"footnotes":"","jetpack_publicize_message":"","jetpack_publicize_feature_enabled":true,"jetpack_social_post_already_shared":true,"jetpack_social_options":{"image_generator_settings":{"template":"highway","default_image_id":0,"font":"","enabled":false},"version":2}},"categories":[5,42,12],"tags":[],"class_list":["post-29824","post","type-post","status-publish","format-standard","has-post-thumbnail","hentry","category-chaco","category-interior","category-ultimo"],"jetpack_publicize_connections":[],"jetpack_featured_media_url":"https:\/\/portalmovil.com.ar\/wp-content\/uploads\/2021\/06\/190766724_4609902819024540_3753491220667777328_n.jpg","jetpack_sharing_enabled":true,"amp_enabled":true,"_links":{"self":[{"href":"https:\/\/portalmovil.com.ar\/index.php\/wp-json\/wp\/v2\/posts\/29824","targetHints":{"allow":["GET"]}}],"collection":[{"href":"https:\/\/portalmovil.com.ar\/index.php\/wp-json\/wp\/v2\/posts"}],"about":[{"href":"https:\/\/portalmovil.com.ar\/index.php\/wp-json\/wp\/v2\/types\/post"}],"author":[{"embeddable":true,"href":"https:\/\/portalmovil.com.ar\/index.php\/wp-json\/wp\/v2\/users\/2"}],"replies":[{"embeddable":true,"href":"https:\/\/portalmovil.com.ar\/index.php\/wp-json\/wp\/v2\/comments?post=29824"}],"version-history":[{"count":1,"href":"https:\/\/portalmovil.com.ar\/index.php\/wp-json\/wp\/v2\/posts\/29824\/revisions"}],"predecessor-version":[{"id":29826,"href":"https:\/\/portalmovil.com.ar\/index.php\/wp-json\/wp\/v2\/posts\/29824\/revisions\/29826"}],"wp:featuredmedia":[{"embeddable":true,"href":"https:\/\/portalmovil.com.ar\/index.php\/wp-json\/wp\/v2\/media\/29825"}],"wp:attachment":[{"href":"https:\/\/portalmovil.com.ar\/index.php\/wp-json\/wp\/v2\/media?parent=29824"}],"wp:term":[{"taxonomy":"category","embeddable":true,"href":"https:\/\/portalmovil.com.ar\/index.php\/wp-json\/wp\/v2\/categories?post=29824"},{"taxonomy":"post_tag","embeddable":true,"href":"https:\/\/portalmovil.com.ar\/index.php\/wp-json\/wp\/v2\/tags?post=29824"}],"curies":[{"name":"wp","href":"https:\/\/api.w.org\/{rel}","templated":true}]}}