{"id":29750,"date":"2021-06-10T20:38:58","date_gmt":"2021-06-10T23:38:58","guid":{"rendered":"https:\/\/portalmovil.com.ar\/?p=29750"},"modified":"2021-06-10T20:39:00","modified_gmt":"2021-06-10T23:39:00","slug":"fernandez-todos-los-dias-debemos-trabajar-en-recuperar-las-malvinas","status":"publish","type":"post","link":"https:\/\/portalmovil.com.ar\/index.php\/2021\/06\/10\/fernandez-todos-los-dias-debemos-trabajar-en-recuperar-las-malvinas\/","title":{"rendered":"Fern\u00e1ndez: \u00abTodos los d\u00edas debemos trabajar en recuperar las Malvinas\u00bb"},"content":{"rendered":"\n<p>El presidente\u00a0Alberto Fern\u00e1ndez\u00a0encabez\u00f3 este jueves el acto central en el Museo del Bicentenario de Casa Rosada por el\u00a0D\u00eda de la Afirmaci\u00f3n de los Derechos Argentinos sobre las Islas\u00a0Malvinas. La fecha se estableci\u00f3 por la Ley 20.561 sancionada el 14 de noviembre de 1973, cuando se decidi\u00f3 recordar la creaci\u00f3n de la Comandancia Pol\u00edtica y Militar de las Islas Malvinas y las adyacentes al Cabo de Hornos.<\/p>\n\n\n\n<p>\u00abNo hay m\u00e1s lugar en el mundo para el colonialismo\u00bb asegur\u00f3 Fern\u00e1ndez\u00a0y critic\u00f3 la \u201claxitud\u201d que tuvo la gesti\u00f3n de\u00a0<strong>Mauricio Macri\u00a0<\/strong>en el reclamo por la soberan\u00eda de las islas Malvinas.<\/p>\n\n\n\n<p>Ratific\u00f3 adem\u00e1s que&nbsp;es la v\u00eda diplom\u00e1tica la adecuada para recuperar la soberan\u00eda en las islas Malvinas&nbsp;y dijo que el Gobierno seguir\u00e1 \u00abcon coraje y empe\u00f1o\u00bb por ese camino para lograr el objetivo.<\/p>\n\n\n\n<p>\u00abEs la diplomacia la que debe llevarnos a recuperar esas tierras\u00bb, dijo en ese sentido y record\u00f3 los sucesivos reclamos de la Argentina por la \u00abusurpaci\u00f3n de las Islas Malvinas por parte del Reino Unido\u00bb para que \u00abdevuelvan la tierra\u00bb al pa\u00eds.<\/p>\n\n\n\n<p>\u00abMalvinas es para nosotros un dolor enorme porque no las tenemos\u00bb, agreg\u00f3.<\/p>\n\n\n\n<p>La Comandancia, encabezada por\u00a0<strong>Luis Vernet<\/strong>,\u00a0se estableci\u00f3 hace 192 a\u00f1os, el 10 de junio de 1829.<\/p>\n\n\n\n<p>La\u00a0Canciller\u00eda\u00a0ratific\u00f3 el objetivo \u00abpermanente e irrenunciable\u00bb del ejercicio de soberan\u00eda sobre las Malvinas y reiter\u00f3 su \u00abfirme disposici\u00f3n a reanudar a la brevedad las negociaciones\u00bb con el\u00a0Reino Unido\u00a0para dar\u00a0\u00abuna soluci\u00f3n definitiva a esta situaci\u00f3n colonial\u00bb.<\/p>\n\n\n\n<p>As\u00ed lo afirm\u00f3 en un comunicado que sostiene que&nbsp;\u00abla recuperaci\u00f3n del ejercicio efectivo de nuestra soberan\u00eda sobre las Malvinas, Georgias del Sur y Sandwich del Sur y los espacios mar\u00edtimos e insulares, conforme el derecho internacional y respetando el modo de vida de sus habitantes es un objetivo permanente e irrenunciable del pueblo argentino tal como est\u00e1 establecido en la Cl\u00e1usula Transitoria Primera de nuestra Constituci\u00f3n Nacional\u00bb.<\/p>\n\n\n\n<p>En ese marco, se ratifica que Argentina&nbsp;\u00abreafirma una vez m\u00e1s su soberan\u00eda sobre las Islas Malvinas, Georgias del Sur y Sandwich del Sur y los espacios mar\u00edtimos circundantes, que forman parte integrante de su territorio nacional as\u00ed como su firme disposici\u00f3n a reanudar a la brevedad las negociaciones de soberan\u00eda con el Reino Unido para dar una soluci\u00f3n definitiva a esta situaci\u00f3n colonial\u00bb.<\/p>\n","protected":false},"excerpt":{"rendered":"<p>El presidente\u00a0Alberto Fern\u00e1ndez\u00a0encabez\u00f3 este jueves el acto central en el Museo del Bicentenario de Casa Rosada por el\u00a0D\u00eda de la Afirmaci\u00f3n de los Derechos Argentinos sobre las Islas\u00a0Malvinas. La fecha se estableci\u00f3 por la Ley 20.561 sancionada el 14 de noviembre de 1973, cuando se decidi\u00f3 recordar la creaci\u00f3n de la Comandancia Pol\u00edtica y Militar &hellip;<\/p>\n","protected":false},"author":2,"featured_media":14694,"comment_status":"open","ping_status":"open","sticky":false,"template":"","format":"standard","meta":{"_jetpack_memberships_contains_paid_content":false,"footnotes":"","jetpack_publicize_message":"","jetpack_publicize_feature_enabled":true,"jetpack_social_post_already_shared":true,"jetpack_social_options":{"image_generator_settings":{"template":"highway","default_image_id":0,"font":"","enabled":false},"version":2}},"categories":[639,14],"tags":[],"class_list":["post-29750","post","type-post","status-publish","format-standard","has-post-thumbnail","hentry","category-argentina","category-politica"],"jetpack_publicize_connections":[],"jetpack_featured_media_url":"https:\/\/portalmovil.com.ar\/wp-content\/uploads\/2020\/10\/alberto-fernandez-364797-074406.jpg","jetpack_sharing_enabled":true,"amp_enabled":true,"_links":{"self":[{"href":"https:\/\/portalmovil.com.ar\/index.php\/wp-json\/wp\/v2\/posts\/29750","targetHints":{"allow":["GET"]}}],"collection":[{"href":"https:\/\/portalmovil.com.ar\/index.php\/wp-json\/wp\/v2\/posts"}],"about":[{"href":"https:\/\/portalmovil.com.ar\/index.php\/wp-json\/wp\/v2\/types\/post"}],"author":[{"embeddable":true,"href":"https:\/\/portalmovil.com.ar\/index.php\/wp-json\/wp\/v2\/users\/2"}],"replies":[{"embeddable":true,"href":"https:\/\/portalmovil.com.ar\/index.php\/wp-json\/wp\/v2\/comments?post=29750"}],"version-history":[{"count":1,"href":"https:\/\/portalmovil.com.ar\/index.php\/wp-json\/wp\/v2\/posts\/29750\/revisions"}],"predecessor-version":[{"id":29751,"href":"https:\/\/portalmovil.com.ar\/index.php\/wp-json\/wp\/v2\/posts\/29750\/revisions\/29751"}],"wp:featuredmedia":[{"embeddable":true,"href":"https:\/\/portalmovil.com.ar\/index.php\/wp-json\/wp\/v2\/media\/14694"}],"wp:attachment":[{"href":"https:\/\/portalmovil.com.ar\/index.php\/wp-json\/wp\/v2\/media?parent=29750"}],"wp:term":[{"taxonomy":"category","embeddable":true,"href":"https:\/\/portalmovil.com.ar\/index.php\/wp-json\/wp\/v2\/categories?post=29750"},{"taxonomy":"post_tag","embeddable":true,"href":"https:\/\/portalmovil.com.ar\/index.php\/wp-json\/wp\/v2\/tags?post=29750"}],"curies":[{"name":"wp","href":"https:\/\/api.w.org\/{rel}","templated":true}]}}