{"id":29558,"date":"2021-06-09T12:15:08","date_gmt":"2021-06-09T15:15:08","guid":{"rendered":"https:\/\/portalmovil.com.ar\/?p=29558"},"modified":"2021-06-09T14:28:50","modified_gmt":"2021-06-09T17:28:50","slug":"con-actividades-virtuales-se-celebrara-el-111-aniversario-de-puerto-vilelas","status":"publish","type":"post","link":"https:\/\/portalmovil.com.ar\/index.php\/2021\/06\/09\/con-actividades-virtuales-se-celebrara-el-111-aniversario-de-puerto-vilelas\/","title":{"rendered":"Con actividades virtuales se celebrar\u00e1 el 111\u00b0 Aniversario de Puerto Vilelas"},"content":{"rendered":"\n<p>Festival Virtual: Amplia agenda cultural para el 111\u00ba aniversario de Puerto Vilelas<\/p>\n\n\n\n<p>Este 10 de junio la localidad estar\u00e1 de festejo de una manera especial que se transmitir\u00e1 en vivo a trav\u00e9s de la fanpage oficial de facebook del Municipio y tambi\u00e9n por el canal de YouTube \u201c @VilelasTV\u201d .<\/p>\n\n\n\n<p>En el marco del 111\u00ba aniversario de la localidad de Puerto Vilelas, el Municipio invita a la comunidad a sumarse a las m\u00faltiples actividades culturales que se realizar\u00e1n de manera virtual, a ra\u00edz de la pandemia por Covid \u2013 19 a nivel provincial y que por razones obvias no se permiten realizar festejos de ning\u00fan tipo.<\/p>\n\n\n\n<p><strong>LAS ACTIVIDADES<\/strong><div><br>Los festejos comenzar\u00e1n este jueves, 10 de junio, a las 8 horas, donde el intendente V\u00edctor Rea encabezar\u00e1 el izamiento de la Bandera Nacional con la interpretaci\u00f3n de Alfredo Monz\u00f3n &#8211; Adri\u00e1n Ismael -Sebasti\u00e1n Riso Patr\u00f3n, en la Casa de la Historia y la Cultura del Bicentenario. Paralelamente, habr\u00e1 izamientos en distintos puntos, tales como el Edificio Municipal, plaza Malvinas y las Tres Bocas, que ser\u00e1n encabezados por otros funcionarios municipales.<\/div><\/p>\n\n\n\n<p>Seguidamente a la apertura de esta celebraci\u00f3n, en los horarios de 10 a 12 horas y 16 a 18 horas, la ciudadan\u00eda podr\u00e1 conectarse a las plataformas oficiales (fanpage Municipalidad de Puerto Vilelas y el canal de youtube VilelasTV) para disfrutar desde sus casas; habr\u00e1n sorteos y actuaciones especiales de:<\/p>\n\n\n\n<p>*GRUPOS DE CUMBIA: Tropical 5 &#8211; Fabi\u00e1n Ternero Machuca &amp; Neyen Machuca -Kopa2.<\/p>\n\n\n\n<p>*FOLCLORE, CHAMAM\u00c9 Y M\u00daSICA ALTERNA: La Huella Chaque\u00f1a, Herencia Chamam\u00e9, Roly Romero &amp; Franco Alegre, Ra\u00edz Padoge, Crecimiento.<\/p>\n\n\n\n<ul class=\"wp-block-list\"><li>ACADEMIAS DE DANZAS: Art\u00edstica Marisa Rivero &#8211; Taller de Tango Municipal &#8211; Naimik &#8211; Nayla D\u00edaz &#8211; La Macarena, Creciendo juntos, Academia Milagros y Carnavales profesora Anny Pared<\/li><\/ul>\n\n\n\n<p><strong>AGRADECIMIENTO<\/strong><div><br>La Municipalidad de Puerto Vilelas conducida por el intendente V\u00edctor Rea agradece al Gobierno Provincial, a trav\u00e9s del Instituto de Cultura, Loter\u00eda Chaque\u00f1a y la Secretar\u00eda de Municipios por el acompa\u00f1amiento de este evento cultural, en el marco del programa \u00bb Chaco Celebra\u00bb, puesto en marcha por la actual gesti\u00f3n encabezada por el gobernador Jorge Capitanich.<\/div><\/p>\n","protected":false},"excerpt":{"rendered":"<p>Festival Virtual: Amplia agenda cultural para el 111\u00ba aniversario de Puerto Vilelas Este 10 de junio la localidad estar\u00e1 de festejo de una manera especial que se transmitir\u00e1 en vivo a trav\u00e9s de la fanpage oficial de facebook del Municipio y tambi\u00e9n por el canal de YouTube \u201c @VilelasTV\u201d . En el marco del 111\u00ba &hellip;<\/p>\n","protected":false},"author":2,"featured_media":29559,"comment_status":"open","ping_status":"open","sticky":false,"template":"","format":"standard","meta":{"_jetpack_memberships_contains_paid_content":false,"footnotes":"","jetpack_publicize_message":"","jetpack_publicize_feature_enabled":true,"jetpack_social_post_already_shared":true,"jetpack_social_options":{"image_generator_settings":{"template":"highway","default_image_id":0,"font":"","enabled":false},"version":2}},"categories":[28,5],"tags":[],"class_list":["post-29558","post","type-post","status-publish","format-standard","has-post-thumbnail","hentry","category-actualidad","category-chaco"],"jetpack_publicize_connections":[],"jetpack_featured_media_url":"https:\/\/portalmovil.com.ar\/wp-content\/uploads\/2021\/06\/ee2ffef3-7b7d-4803-8720-2063837978c1.jpg","jetpack_sharing_enabled":true,"amp_enabled":true,"_links":{"self":[{"href":"https:\/\/portalmovil.com.ar\/index.php\/wp-json\/wp\/v2\/posts\/29558","targetHints":{"allow":["GET"]}}],"collection":[{"href":"https:\/\/portalmovil.com.ar\/index.php\/wp-json\/wp\/v2\/posts"}],"about":[{"href":"https:\/\/portalmovil.com.ar\/index.php\/wp-json\/wp\/v2\/types\/post"}],"author":[{"embeddable":true,"href":"https:\/\/portalmovil.com.ar\/index.php\/wp-json\/wp\/v2\/users\/2"}],"replies":[{"embeddable":true,"href":"https:\/\/portalmovil.com.ar\/index.php\/wp-json\/wp\/v2\/comments?post=29558"}],"version-history":[{"count":2,"href":"https:\/\/portalmovil.com.ar\/index.php\/wp-json\/wp\/v2\/posts\/29558\/revisions"}],"predecessor-version":[{"id":29583,"href":"https:\/\/portalmovil.com.ar\/index.php\/wp-json\/wp\/v2\/posts\/29558\/revisions\/29583"}],"wp:featuredmedia":[{"embeddable":true,"href":"https:\/\/portalmovil.com.ar\/index.php\/wp-json\/wp\/v2\/media\/29559"}],"wp:attachment":[{"href":"https:\/\/portalmovil.com.ar\/index.php\/wp-json\/wp\/v2\/media?parent=29558"}],"wp:term":[{"taxonomy":"category","embeddable":true,"href":"https:\/\/portalmovil.com.ar\/index.php\/wp-json\/wp\/v2\/categories?post=29558"},{"taxonomy":"post_tag","embeddable":true,"href":"https:\/\/portalmovil.com.ar\/index.php\/wp-json\/wp\/v2\/tags?post=29558"}],"curies":[{"name":"wp","href":"https:\/\/api.w.org\/{rel}","templated":true}]}}