{"id":2955,"date":"2020-03-05T08:43:40","date_gmt":"2020-03-05T11:43:40","guid":{"rendered":"http:\/\/portalmovil.com.ar\/?p=2955"},"modified":"2020-03-05T08:43:55","modified_gmt":"2020-03-05T11:43:55","slug":"resistencia-mananas-frescas-y-las-tardes-calurosas","status":"publish","type":"post","link":"https:\/\/portalmovil.com.ar\/index.php\/2020\/03\/05\/resistencia-mananas-frescas-y-las-tardes-calurosas\/","title":{"rendered":"Resistencia: ma\u00f1anas frescas y las tardes calurosas"},"content":{"rendered":"\n<p>Seg\u00fan el Servicio Meteorol\u00f3gico Nacional (SMN), hoy veremos un cielo despejado durante toda la jornada. Esto se acompa\u00f1ar\u00e1 con temperaturas entorno a los 23\u00b0 C a la ma\u00f1ana, 35\u00b0 C a la tarde y 24\u00b0 C para la noche. <\/p>\n\n\n\n<p>No hay probabilidades de lluvia para el d\u00eda de hoy. Experimentaremos vientos constantes de 7 a 12 km\/h durante todo el d\u00eda, de direcci\u00f3n predominantemente del noreste a la ma\u00f1ana y del este a la tarde y a la noche.<\/p>\n\n\n\n<p>La humedad durante la ma\u00f1ana orbita entre el 82%, la presi\u00f3n en 1009,4 hPa, el viento proviene del este a 1 km\/h y una visibilidad de 15 km\/h.<\/p>\n","protected":false},"excerpt":{"rendered":"<p>Seg\u00fan el Servicio Meteorol\u00f3gico Nacional (SMN), hoy veremos un cielo despejado durante toda la jornada. Esto se acompa\u00f1ar\u00e1 con temperaturas entorno a los 23\u00b0 C a la ma\u00f1ana, 35\u00b0 C a la tarde y 24\u00b0 C para la noche. No hay probabilidades de lluvia para el d\u00eda de hoy. Experimentaremos vientos constantes de 7 a &hellip;<\/p>\n","protected":false},"author":2,"featured_media":2956,"comment_status":"open","ping_status":"open","sticky":false,"template":"","format":"standard","meta":{"_jetpack_memberships_contains_paid_content":false,"footnotes":"","jetpack_publicize_message":"","jetpack_publicize_feature_enabled":true,"jetpack_social_post_already_shared":true,"jetpack_social_options":{"image_generator_settings":{"template":"highway","default_image_id":0,"font":"","enabled":false},"version":2}},"categories":[37],"tags":[320],"class_list":["post-2955","post","type-post","status-publish","format-standard","has-post-thumbnail","hentry","category-resistencia","tag-tiempo"],"jetpack_publicize_connections":[],"jetpack_featured_media_url":"https:\/\/portalmovil.com.ar\/wp-content\/uploads\/2020\/03\/general-manuel-belgrano.jpg","jetpack_sharing_enabled":true,"amp_enabled":true,"_links":{"self":[{"href":"https:\/\/portalmovil.com.ar\/index.php\/wp-json\/wp\/v2\/posts\/2955","targetHints":{"allow":["GET"]}}],"collection":[{"href":"https:\/\/portalmovil.com.ar\/index.php\/wp-json\/wp\/v2\/posts"}],"about":[{"href":"https:\/\/portalmovil.com.ar\/index.php\/wp-json\/wp\/v2\/types\/post"}],"author":[{"embeddable":true,"href":"https:\/\/portalmovil.com.ar\/index.php\/wp-json\/wp\/v2\/users\/2"}],"replies":[{"embeddable":true,"href":"https:\/\/portalmovil.com.ar\/index.php\/wp-json\/wp\/v2\/comments?post=2955"}],"version-history":[{"count":1,"href":"https:\/\/portalmovil.com.ar\/index.php\/wp-json\/wp\/v2\/posts\/2955\/revisions"}],"predecessor-version":[{"id":2957,"href":"https:\/\/portalmovil.com.ar\/index.php\/wp-json\/wp\/v2\/posts\/2955\/revisions\/2957"}],"wp:featuredmedia":[{"embeddable":true,"href":"https:\/\/portalmovil.com.ar\/index.php\/wp-json\/wp\/v2\/media\/2956"}],"wp:attachment":[{"href":"https:\/\/portalmovil.com.ar\/index.php\/wp-json\/wp\/v2\/media?parent=2955"}],"wp:term":[{"taxonomy":"category","embeddable":true,"href":"https:\/\/portalmovil.com.ar\/index.php\/wp-json\/wp\/v2\/categories?post=2955"},{"taxonomy":"post_tag","embeddable":true,"href":"https:\/\/portalmovil.com.ar\/index.php\/wp-json\/wp\/v2\/tags?post=2955"}],"curies":[{"name":"wp","href":"https:\/\/api.w.org\/{rel}","templated":true}]}}