{"id":29487,"date":"2021-06-08T18:43:28","date_gmt":"2021-06-08T21:43:28","guid":{"rendered":"https:\/\/portalmovil.com.ar\/?p=29487"},"modified":"2021-06-08T18:43:33","modified_gmt":"2021-06-08T21:43:33","slug":"trabajadores-de-salud-publica-inician-paro-por-48-horas-con-una-concentracion-en-el-hospital-pediatrico","status":"publish","type":"post","link":"https:\/\/portalmovil.com.ar\/index.php\/2021\/06\/08\/trabajadores-de-salud-publica-inician-paro-por-48-horas-con-una-concentracion-en-el-hospital-pediatrico\/","title":{"rendered":"Trabajadores de salud p\u00fablica inician paro por 48 horas con una concentraci\u00f3n en el Hospital Pedi\u00e1trico"},"content":{"rendered":"\n<p>La Asociaci\u00f3n de Profesionales, T\u00e9cnicos y Auxiliares de Salud P\u00fablica del Chaco (APTASCH) anunci\u00f3 la vuelta al paro por 48 horas para los d\u00edas mi\u00e9rcoles 9 y jueves 10 de junio, y en ese marco, convocan a los trabajadores a una concentraci\u00f3n a realizarse el mi\u00e9rcoles 9 desde las 10.00 horas en el Hospital Pedi\u00e1trico de Resistencia.\u00a0<\/p>\n\n\n\n<p>Desde la entidad afirmaron que \u201ceste nuevo paro se da en el marco del plan de lucha que estamos llevando adelante ante los reiterados incumplimientos del gobierno provincial a los acuerdos alcanzados en la mesa de negociaci\u00f3n, referido a los aumentos de las escalas de bonificaciones de salud p\u00fablica, como tambi\u00e9n por el rechazo al decreto 1209\/21, el pedido de inmediato pase a planta de los compa\u00f1eros precarizados, y un pliego de innumerables reclamos ante problem\u00e1ticas que a\u00fan no tienen respuesta\u201d.\u00a0<\/p>\n\n\n\n<p>APTASCH detall\u00f3 que \u201csemanas atr\u00e1s hab\u00edamos llegado a un acuerdo en relaci\u00f3n a las demandas salariales con las autoridades provinciales, con el compromiso de volver a rediscutir la pauta salarial para el segundo trimestre. Pero dichos acuerdos no fueron cumplidos por parte del Gobierno y eso gener\u00f3 que el aumento que ten\u00edan que haber tenido los trabajadores haya sido mucho menor, volviendo entonces a perder poder adquisitivo, algo que venimos atravesando desde hace ya cinco a\u00f1os\u201d.\u00a0<\/p>\n\n\n\n<p>\u201cQueremos que el gobierno rectifique su accionar, que sean serios y cumplan con su palabra. No puede ser que apenas d\u00edas despu\u00e9s de llegar a un acuerdo ya lo est\u00e1n rompiendo\u201d, agregaron.\u00a0<\/p>\n\n\n\n<p>Por otro lado, APTASCH contin\u00faa firme en su reclamo por el fin de la precarizaci\u00f3n laboral. \u201cLos compa\u00f1eros precarizados no pueden esperar un d\u00eda m\u00e1s: tienen que darle una respuesta inmediata y nosotros vamos a continuar trabajando de su lado para ello. Hay trabajadores con m\u00e1s de diez a\u00f1os como precarizado, poniendo el lomo en esta situaci\u00f3n tan complicada de la pandemia, teniendo un salario de miseria y sin contar con ning\u00fan derecho laboral, algo que no solo necesitan, sino que les corresponde y merecen\u201d.\u00a0<\/p>\n\n\n\n<p>\u201cEl conflicto en salud p\u00fablica, lastimosamente, lejos de aplacarse, se agrava cada d\u00eda m\u00e1s y el gobierno demostr\u00f3 que no le interesa ni el sistema sanitario ni mucho menos los trabajadores. Por ello seguimos dando batalla y vamos a continuar nuestro plan de lucha hasta tanto haya respuestas concretas, reales e inmediatas\u201d, finalizaron.<\/p>\n","protected":false},"excerpt":{"rendered":"<p>La Asociaci\u00f3n de Profesionales, T\u00e9cnicos y Auxiliares de Salud P\u00fablica del Chaco (APTASCH) anunci\u00f3 la vuelta al paro por 48 horas para los d\u00edas mi\u00e9rcoles 9 y jueves 10 de junio, y en ese marco, convocan a los trabajadores a una concentraci\u00f3n a realizarse el mi\u00e9rcoles 9 desde las 10.00 horas en el Hospital Pedi\u00e1trico &hellip;<\/p>\n","protected":false},"author":2,"featured_media":29488,"comment_status":"open","ping_status":"open","sticky":false,"template":"","format":"standard","meta":{"_jetpack_memberships_contains_paid_content":false,"footnotes":"","jetpack_publicize_message":"","jetpack_publicize_feature_enabled":true,"jetpack_social_post_already_shared":true,"jetpack_social_options":{"image_generator_settings":{"template":"highway","default_image_id":0,"font":"","enabled":false},"version":2}},"categories":[5,46],"tags":[],"class_list":["post-29487","post","type-post","status-publish","format-standard","has-post-thumbnail","hentry","category-chaco","category-salud"],"jetpack_publicize_connections":[],"jetpack_featured_media_url":"https:\/\/portalmovil.com.ar\/wp-content\/uploads\/2021\/06\/Salud-del-Chaco.jpg","jetpack_sharing_enabled":true,"amp_enabled":true,"_links":{"self":[{"href":"https:\/\/portalmovil.com.ar\/index.php\/wp-json\/wp\/v2\/posts\/29487","targetHints":{"allow":["GET"]}}],"collection":[{"href":"https:\/\/portalmovil.com.ar\/index.php\/wp-json\/wp\/v2\/posts"}],"about":[{"href":"https:\/\/portalmovil.com.ar\/index.php\/wp-json\/wp\/v2\/types\/post"}],"author":[{"embeddable":true,"href":"https:\/\/portalmovil.com.ar\/index.php\/wp-json\/wp\/v2\/users\/2"}],"replies":[{"embeddable":true,"href":"https:\/\/portalmovil.com.ar\/index.php\/wp-json\/wp\/v2\/comments?post=29487"}],"version-history":[{"count":1,"href":"https:\/\/portalmovil.com.ar\/index.php\/wp-json\/wp\/v2\/posts\/29487\/revisions"}],"predecessor-version":[{"id":29489,"href":"https:\/\/portalmovil.com.ar\/index.php\/wp-json\/wp\/v2\/posts\/29487\/revisions\/29489"}],"wp:featuredmedia":[{"embeddable":true,"href":"https:\/\/portalmovil.com.ar\/index.php\/wp-json\/wp\/v2\/media\/29488"}],"wp:attachment":[{"href":"https:\/\/portalmovil.com.ar\/index.php\/wp-json\/wp\/v2\/media?parent=29487"}],"wp:term":[{"taxonomy":"category","embeddable":true,"href":"https:\/\/portalmovil.com.ar\/index.php\/wp-json\/wp\/v2\/categories?post=29487"},{"taxonomy":"post_tag","embeddable":true,"href":"https:\/\/portalmovil.com.ar\/index.php\/wp-json\/wp\/v2\/tags?post=29487"}],"curies":[{"name":"wp","href":"https:\/\/api.w.org\/{rel}","templated":true}]}}