{"id":29350,"date":"2021-06-07T14:47:18","date_gmt":"2021-06-07T17:47:18","guid":{"rendered":"https:\/\/portalmovil.com.ar\/?p=29350"},"modified":"2021-06-07T15:17:40","modified_gmt":"2021-06-07T18:17:40","slug":"el-gobernador-presento-el-manual-de-buenas-practicas-para-una-comunicacion-no-sexista-y-saludo-a-los-periodistas-en-su-dia","status":"publish","type":"post","link":"https:\/\/portalmovil.com.ar\/index.php\/2021\/06\/07\/el-gobernador-presento-el-manual-de-buenas-practicas-para-una-comunicacion-no-sexista-y-saludo-a-los-periodistas-en-su-dia\/","title":{"rendered":"El Gobernador present\u00f3 el Manual de buenas pr\u00e1cticas para una comunicaci\u00f3n no sexista y salud\u00f3 a los periodistas en su d\u00eda"},"content":{"rendered":"\n<p>Al conmemorarse este lunes 7 de junio el D\u00eda del Periodista, el gobernador del Chaco, Jorge Capitanich, acompa\u00f1ado por la vicegobernadora, Anal\u00eda Rach Quiroga, present\u00f3 el Manual de buenas pr\u00e1cticas para una comunicaci\u00f3n no sexista el cual fue elaborado por integrantes del Frente de Comunicadoras de la provincia del Chaco y autoridades del Gobierno.<\/p>\n\n\n\n<p>El gobernador destac\u00f3 el trabajo y aporte permanente de Guillermina Capitanich, en lo que este iniciativa se lleve adelante. Dijo que el Manual est\u00e1 basado en compromisos internacionales, nacionales y provinciales y que apuntan a la eliminaci\u00f3n de todas las formas de discriminaci\u00f3n contra la mujer.<\/p>\n\n\n\n<p>Capitanich calific\u00f3 como \u201cun avance cualitativo\u201d la redacci\u00f3n del Manual y dijo que \u201ces central en t\u00e9rminos del compromiso adquirido por la provincia de su Plan Chaco 2030\u201d.<\/p>\n\n\n\n<p>\u201cNos parece muy trascendente el hecho de que hoy tengamos este Manual de buenas pr\u00e1cticas para una comunicaci\u00f3n no sexista\u201d dijo y agreg\u00f3 que al leer las recomendaciones que all\u00ed se expresan \u201ctenemos mucho que aprender\u201d.<\/p>\n\n\n\n<p>Saludo a los periodistas<\/p>\n\n\n\n<p>El gobernador, quien estuvo acompa\u00f1ado de funcionarias del \u00e1rea de comunicaci\u00f3n del Gobierno y del resto de su gabinete, aprovech\u00f3 la oportunidad para brindar \u201cun c\u00e1lido y afectuoso saludo a todas las periodistas y los periodistas que ejercen esta digna profesi\u00f3n\u201d<\/p>\n\n\n\n<p>\u201cEl derecho a la informaci\u00f3n en una sociedad democr\u00e1tica, abierta y plural implica la aceptaci\u00f3n del otro, la existencia de la pluralidad como un componente b\u00e1sico del debate, la libre expresi\u00f3n de las ideas y el ejercicio efectivo de los derechos civiles y pol\u00edticos\u201d, asever\u00f3.<\/p>\n\n\n\n<p>Dijo que \u201cen tiempos de fake news es muy importante promover la veracidad, en tiempos donde el lenguaje se torna violento excluyente y con un prototipo ideol\u00f3gico de exclusi\u00f3n, hay que bregar por la pluralidad y propender el respeto hacia el otro\u201d.<\/p>\n\n\n\n<p>\u201cQue este d\u00eda sea el d\u00eda de la libertad expresi\u00f3n, del ejercicio pleno de los derechos, de una comunicaci\u00f3n no sexista y que entre todos aprendamos a respetarnos, valorarnos, entendernos y comprendernos\u201d, destac\u00f3.<\/p>\n","protected":false},"excerpt":{"rendered":"<p>Al conmemorarse este lunes 7 de junio el D\u00eda del Periodista, el gobernador del Chaco, Jorge Capitanich, acompa\u00f1ado por la vicegobernadora, Anal\u00eda Rach Quiroga, present\u00f3 el Manual de buenas pr\u00e1cticas para una comunicaci\u00f3n no sexista el cual fue elaborado por integrantes del Frente de Comunicadoras de la provincia del Chaco y autoridades del Gobierno. El &hellip;<\/p>\n","protected":false},"author":2,"featured_media":29351,"comment_status":"open","ping_status":"open","sticky":false,"template":"","format":"standard","meta":{"_jetpack_memberships_contains_paid_content":false,"footnotes":"","jetpack_publicize_message":"","jetpack_publicize_feature_enabled":true,"jetpack_social_post_already_shared":true,"jetpack_social_options":{"image_generator_settings":{"template":"highway","default_image_id":0,"font":"","enabled":false},"version":2}},"categories":[5,14,12],"tags":[],"class_list":["post-29350","post","type-post","status-publish","format-standard","has-post-thumbnail","hentry","category-chaco","category-politica","category-ultimo"],"jetpack_publicize_connections":[],"jetpack_featured_media_url":"https:\/\/portalmovil.com.ar\/wp-content\/uploads\/2021\/06\/FB_IMG_1623087603627.jpg","jetpack_sharing_enabled":true,"amp_enabled":true,"_links":{"self":[{"href":"https:\/\/portalmovil.com.ar\/index.php\/wp-json\/wp\/v2\/posts\/29350","targetHints":{"allow":["GET"]}}],"collection":[{"href":"https:\/\/portalmovil.com.ar\/index.php\/wp-json\/wp\/v2\/posts"}],"about":[{"href":"https:\/\/portalmovil.com.ar\/index.php\/wp-json\/wp\/v2\/types\/post"}],"author":[{"embeddable":true,"href":"https:\/\/portalmovil.com.ar\/index.php\/wp-json\/wp\/v2\/users\/2"}],"replies":[{"embeddable":true,"href":"https:\/\/portalmovil.com.ar\/index.php\/wp-json\/wp\/v2\/comments?post=29350"}],"version-history":[{"count":1,"href":"https:\/\/portalmovil.com.ar\/index.php\/wp-json\/wp\/v2\/posts\/29350\/revisions"}],"predecessor-version":[{"id":29352,"href":"https:\/\/portalmovil.com.ar\/index.php\/wp-json\/wp\/v2\/posts\/29350\/revisions\/29352"}],"wp:featuredmedia":[{"embeddable":true,"href":"https:\/\/portalmovil.com.ar\/index.php\/wp-json\/wp\/v2\/media\/29351"}],"wp:attachment":[{"href":"https:\/\/portalmovil.com.ar\/index.php\/wp-json\/wp\/v2\/media?parent=29350"}],"wp:term":[{"taxonomy":"category","embeddable":true,"href":"https:\/\/portalmovil.com.ar\/index.php\/wp-json\/wp\/v2\/categories?post=29350"},{"taxonomy":"post_tag","embeddable":true,"href":"https:\/\/portalmovil.com.ar\/index.php\/wp-json\/wp\/v2\/tags?post=29350"}],"curies":[{"name":"wp","href":"https:\/\/api.w.org\/{rel}","templated":true}]}}