{"id":29143,"date":"2021-06-04T18:27:11","date_gmt":"2021-06-04T21:27:11","guid":{"rendered":"https:\/\/portalmovil.com.ar\/?p=29143"},"modified":"2021-06-04T18:27:13","modified_gmt":"2021-06-04T21:27:13","slug":"el-municipio-de-puerto-vilelas-concientizo-sobre-la-lucha-contra-la-violencia-de-genero","status":"publish","type":"post","link":"https:\/\/portalmovil.com.ar\/index.php\/2021\/06\/04\/el-municipio-de-puerto-vilelas-concientizo-sobre-la-lucha-contra-la-violencia-de-genero\/","title":{"rendered":"El Municipio de Puerto Vilelas concientiz\u00f3 sobre la lucha contra la violencia de g\u00e9nero"},"content":{"rendered":"\n<p>En el Marco del 6\u00b0 aniversario de \u00abNi Una Menos\u00bb, la Municipalidad de Puerto Vilelas conducida por el intendente V\u00edctor Rea, a trav\u00e9s de la Subsecretar\u00eda de Paridad de G\u00e9nero y Familia trabajaron con el personal de la Biblioteca P\u00fablica 52 \u00abDel Centenario de la Creaci\u00f3n del Chaco\u00bb,\u00a0en la organizaci\u00f3n y distribuci\u00f3n de folleter\u00eda a modo de concientizaci\u00f3n sobre la lucha que lleva contra la violencia de g\u00e9nero.<\/p>\n\n\n\n<p>Por otra parte, desde la Subsecretar\u00eda brindaron detalles sobre la atenci\u00f3n e intervenci\u00f3n en casos de violencia hacia las mujeres y explicaron que hay un \u201ctel\u00e9fono (3624 \u2013 970852), junto con un equipo de operadores del municipio de Puerto Vilelas que trabajan articuladamente con la comisar\u00eda de la localidad en el caso de que surja u ocurra alg\u00fan inconveniente o tipo de violencia de g\u00e9nero\u201d.<\/p>\n\n\n\n<h2 class=\"wp-block-heading\"><strong>3 DE JUNIO<\/strong><\/h2>\n\n\n\n<p><em>Ni una menos es una consigna que dio nombre a un movimiento feminista surgido en Argentina en 2015, que posteriormente se expandir\u00eda a gran escala hacia varios pa\u00edses de Hispanoam\u00e9rica y otras regiones del mundo. Es un colectivo de protesta que se opone a la violencia contra la mujer y su consecuencia m\u00e1s grave y visible, el feminicidio.<\/em><\/p>\n\n\n\n<p><em>La marcha denominada Ni una menos se realiz\u00f3 por primera vez el 3 de junio de 2015 en ochenta ciudades de Argentina. Las manifestaciones se repitieron el 3 de junio y el 19 de octubre de 2016. En el pa\u00eds, hasta 2016 en promedio se comet\u00eda un femicidio cada 30 horas, en 2017 este promedio se elev\u00f3 a que se cometa un femicidio cada 18 horas. Tambi\u00e9n se volvieron a concentrar en el 2017, siendo el a\u00f1o con m\u00e1s concurrentes.<\/em><\/p>\n","protected":false},"excerpt":{"rendered":"<p>En el Marco del 6\u00b0 aniversario de \u00abNi Una Menos\u00bb, la Municipalidad de Puerto Vilelas conducida por el intendente V\u00edctor Rea, a trav\u00e9s de la Subsecretar\u00eda de Paridad de G\u00e9nero y Familia trabajaron con el personal de la Biblioteca P\u00fablica 52 \u00abDel Centenario de la Creaci\u00f3n del Chaco\u00bb,\u00a0en la organizaci\u00f3n y distribuci\u00f3n de folleter\u00eda a &hellip;<\/p>\n","protected":false},"author":2,"featured_media":29144,"comment_status":"open","ping_status":"open","sticky":false,"template":"","format":"standard","meta":{"_jetpack_memberships_contains_paid_content":false,"footnotes":"","jetpack_publicize_message":"","jetpack_publicize_feature_enabled":true,"jetpack_social_post_already_shared":true,"jetpack_social_options":{"image_generator_settings":{"template":"highway","default_image_id":0,"font":"","enabled":false},"version":2}},"categories":[28,5],"tags":[],"class_list":["post-29143","post","type-post","status-publish","format-standard","has-post-thumbnail","hentry","category-actualidad","category-chaco"],"jetpack_publicize_connections":[],"jetpack_featured_media_url":"https:\/\/portalmovil.com.ar\/wp-content\/uploads\/2021\/06\/multimedia.normal.9684d232ab3bfb17.576861747341707020496d61676520323032312d30362d30342061742031312e5f6e6f726d616c2e6a706567.jpg","jetpack_sharing_enabled":true,"amp_enabled":true,"_links":{"self":[{"href":"https:\/\/portalmovil.com.ar\/index.php\/wp-json\/wp\/v2\/posts\/29143","targetHints":{"allow":["GET"]}}],"collection":[{"href":"https:\/\/portalmovil.com.ar\/index.php\/wp-json\/wp\/v2\/posts"}],"about":[{"href":"https:\/\/portalmovil.com.ar\/index.php\/wp-json\/wp\/v2\/types\/post"}],"author":[{"embeddable":true,"href":"https:\/\/portalmovil.com.ar\/index.php\/wp-json\/wp\/v2\/users\/2"}],"replies":[{"embeddable":true,"href":"https:\/\/portalmovil.com.ar\/index.php\/wp-json\/wp\/v2\/comments?post=29143"}],"version-history":[{"count":1,"href":"https:\/\/portalmovil.com.ar\/index.php\/wp-json\/wp\/v2\/posts\/29143\/revisions"}],"predecessor-version":[{"id":29145,"href":"https:\/\/portalmovil.com.ar\/index.php\/wp-json\/wp\/v2\/posts\/29143\/revisions\/29145"}],"wp:featuredmedia":[{"embeddable":true,"href":"https:\/\/portalmovil.com.ar\/index.php\/wp-json\/wp\/v2\/media\/29144"}],"wp:attachment":[{"href":"https:\/\/portalmovil.com.ar\/index.php\/wp-json\/wp\/v2\/media?parent=29143"}],"wp:term":[{"taxonomy":"category","embeddable":true,"href":"https:\/\/portalmovil.com.ar\/index.php\/wp-json\/wp\/v2\/categories?post=29143"},{"taxonomy":"post_tag","embeddable":true,"href":"https:\/\/portalmovil.com.ar\/index.php\/wp-json\/wp\/v2\/tags?post=29143"}],"curies":[{"name":"wp","href":"https:\/\/api.w.org\/{rel}","templated":true}]}}