{"id":29057,"date":"2021-06-03T21:19:42","date_gmt":"2021-06-04T00:19:42","guid":{"rendered":"https:\/\/portalmovil.com.ar\/?p=29057"},"modified":"2021-06-03T21:19:44","modified_gmt":"2021-06-04T00:19:44","slug":"jornada-veraniega-en-pleno-otono-31o-de-maxima","status":"publish","type":"post","link":"https:\/\/portalmovil.com.ar\/index.php\/2021\/06\/03\/jornada-veraniega-en-pleno-otono-31o-de-maxima\/","title":{"rendered":"Jornada veraniega en pleno oto\u00f1o: 31\u00ba de m\u00e1xima"},"content":{"rendered":"\n<p>Desde el Servicio Meteorol\u00f3gico Nacional emitieron las \u00faltimas actualizaciones del tiempo para este viernes. As\u00ed, indican que,\u00a0en pleno oto\u00f1o, la temperatura m\u00e1xima de ma\u00f1ana ser\u00e1 de 31\u00b0, mientras que la m\u00ednima ser\u00e1 de 14\u00b0.<\/p>\n\n\n\n<p>Asimismo, el cielo permanecer\u00e1 parcialmente nublado durante toda la jornada, y no se esperan lluvias ni tormentas.<\/p>\n\n\n\n<p>Para el s\u00e1bado, sin embargo, pronostican tormentas aisladas para la tarde noche,\u00a0con una temperatura que rondar\u00e1 entre los 20\u00b0 y los 25\u00b0.<\/p>\n\n\n\n<p>Para el domingo tambi\u00e9n se esperan tormentas por la ma\u00f1ana y lluvias aisladas para la tarde noche,\u00a0con un leve descenso de temperatura, entre 15\u00b0 y 18\u00b0.<\/p>\n","protected":false},"excerpt":{"rendered":"<p>Desde el Servicio Meteorol\u00f3gico Nacional emitieron las \u00faltimas actualizaciones del tiempo para este viernes. As\u00ed, indican que,\u00a0en pleno oto\u00f1o, la temperatura m\u00e1xima de ma\u00f1ana ser\u00e1 de 31\u00b0, mientras que la m\u00ednima ser\u00e1 de 14\u00b0. Asimismo, el cielo permanecer\u00e1 parcialmente nublado durante toda la jornada, y no se esperan lluvias ni tormentas. Para el s\u00e1bado, sin &hellip;<\/p>\n","protected":false},"author":2,"featured_media":29058,"comment_status":"open","ping_status":"open","sticky":false,"template":"","format":"standard","meta":{"_jetpack_memberships_contains_paid_content":false,"footnotes":"","jetpack_publicize_message":"","jetpack_publicize_feature_enabled":true,"jetpack_social_post_already_shared":true,"jetpack_social_options":{"image_generator_settings":{"template":"highway","default_image_id":0,"font":"","enabled":false},"version":2}},"categories":[28,5],"tags":[],"class_list":["post-29057","post","type-post","status-publish","format-standard","has-post-thumbnail","hentry","category-actualidad","category-chaco"],"jetpack_publicize_connections":[],"jetpack_featured_media_url":"https:\/\/portalmovil.com.ar\/wp-content\/uploads\/2021\/06\/210531083341_69449.jpg","jetpack_sharing_enabled":true,"amp_enabled":true,"_links":{"self":[{"href":"https:\/\/portalmovil.com.ar\/index.php\/wp-json\/wp\/v2\/posts\/29057","targetHints":{"allow":["GET"]}}],"collection":[{"href":"https:\/\/portalmovil.com.ar\/index.php\/wp-json\/wp\/v2\/posts"}],"about":[{"href":"https:\/\/portalmovil.com.ar\/index.php\/wp-json\/wp\/v2\/types\/post"}],"author":[{"embeddable":true,"href":"https:\/\/portalmovil.com.ar\/index.php\/wp-json\/wp\/v2\/users\/2"}],"replies":[{"embeddable":true,"href":"https:\/\/portalmovil.com.ar\/index.php\/wp-json\/wp\/v2\/comments?post=29057"}],"version-history":[{"count":1,"href":"https:\/\/portalmovil.com.ar\/index.php\/wp-json\/wp\/v2\/posts\/29057\/revisions"}],"predecessor-version":[{"id":29059,"href":"https:\/\/portalmovil.com.ar\/index.php\/wp-json\/wp\/v2\/posts\/29057\/revisions\/29059"}],"wp:featuredmedia":[{"embeddable":true,"href":"https:\/\/portalmovil.com.ar\/index.php\/wp-json\/wp\/v2\/media\/29058"}],"wp:attachment":[{"href":"https:\/\/portalmovil.com.ar\/index.php\/wp-json\/wp\/v2\/media?parent=29057"}],"wp:term":[{"taxonomy":"category","embeddable":true,"href":"https:\/\/portalmovil.com.ar\/index.php\/wp-json\/wp\/v2\/categories?post=29057"},{"taxonomy":"post_tag","embeddable":true,"href":"https:\/\/portalmovil.com.ar\/index.php\/wp-json\/wp\/v2\/tags?post=29057"}],"curies":[{"name":"wp","href":"https:\/\/api.w.org\/{rel}","templated":true}]}}