{"id":28949,"date":"2021-06-03T05:54:13","date_gmt":"2021-06-03T08:54:13","guid":{"rendered":"https:\/\/portalmovil.com.ar\/?p=28949"},"modified":"2021-06-03T05:54:15","modified_gmt":"2021-06-03T08:54:15","slug":"capitanich-firmo-convenios-para-ampliar-la-asistencia-alimentaria-el-emprendedurismo-y-la-urbanizacion-en-el-chaco","status":"publish","type":"post","link":"https:\/\/portalmovil.com.ar\/index.php\/2021\/06\/03\/capitanich-firmo-convenios-para-ampliar-la-asistencia-alimentaria-el-emprendedurismo-y-la-urbanizacion-en-el-chaco\/","title":{"rendered":"Capitanich firm\u00f3 convenios para ampliar la asistencia alimentaria, el emprendedurismo y la urbanizaci\u00f3n en el Chaco"},"content":{"rendered":"\n<p>El gobernador Jorge Capitanich y el ministro de Desarrollo Social de la Naci\u00f3n, Daniel Arroyo, firmaron este mi\u00e9rcoles diversos convenios destinados a avanzar en la urbanizaci\u00f3n de los barrios populares, potenciar el emprendedurismo social y reforzar la seguridad alimentaria en la provincia.\u00a0La inversi\u00f3n para la totalidad de los convenios, con aportes tanto de la Naci\u00f3n como la Provincia, supera los 1.800 millones de pesos.<\/p>\n\n\n\n<p>\u201cHemos realizado en forma conjunta una valoraci\u00f3n muy clara para garantizar el acceso al derecho a la alimentaci\u00f3n. Son muchas las estrategias que nos permiten trabajar un modo sensible de cercan\u00eda del Estado, estar presentes y cerca de las personas para garantizar derechos. Quiero agradecer muy especialmente al ministro Daniel Arroyo con quien trabajamos de una manera arm\u00f3nica y con perspectiva federal\u201d, destac\u00f3 el gobernador.<\/p>\n\n\n\n<p>Uno de los acuerdos m\u00e1s importantes fue la pr\u00f3rroga y ampliaci\u00f3n del alcance de la Tarjeta Tuya Alimentar con financiamiento nacional para llegar a cerca de 110.000 personas. \u201cEso significa fortalecer una red de proveedores locales, garantizar que los comercios de cada localidad puedan trabajar y tambi\u00e9n implica producir frutas, verduras, hortalizas, carne, huevos. Nosotros queremos que cada chaque\u00f1o consuma lo que produce otro chaque\u00f1o\u201d, afirm\u00f3 Capitanich.<\/p>\n\n\n\n<p>El ministro de Desarrollo Social valor\u00f3 la firma del convenio con el gobernador Capitanich y asegur\u00f3 que \u201ces tiempo de combinar derechos y trabajo, paliar la situaci\u00f3n y reconstruir. Lo viene haciendo el Gobierno provincial, y acompa\u00f1amos las tareas que lleva adelante el gobernador\u201d.<\/p>\n\n\n\n<p>En ese marco,\u00a0el ministro y el gobernador firmaron otros convenios complementarios para la obtenci\u00f3n de fondos de emergencia y de asistencia para la zona de El Impenetrable. Adem\u00e1s, se trat\u00f3 el incremento de la Tarjeta Tuya Sin Tacc, para que m\u00e1s personas cel\u00edacas accedan a una alimentaci\u00f3n adecuada y de calidad, ampliando el monto a $3.000 en forma mensual.\u00a0Esto, sumado al aporte provincial de $3.500, totaliza una asistencia alimentaria por $6.500 a cada beneficiario. La inversi\u00f3n total ser\u00e1 de $66.248.000, de los cuales $22.248.000 son aportados por la Naci\u00f3n y $44.000.000 por la Provincia.<\/p>\n\n\n\n<p>Otro de los acuerdos consisti\u00f3 en la elaboraci\u00f3n de Proyectos de Obras Tempranas (POT) para mejorar el equipamiento de los barrios comunitarios de Los Aromitos, Villa Don Andr\u00e9s y 2 de Septiembre. Adem\u00e1s, se trabajar\u00e1 en la actualizaci\u00f3n de los barrios inscriptos en el Registro Nacional de Barrios Populares (RENABAP).<\/p>\n\n\n\n<p>A su vez,\u00a0se avanz\u00f3 en una nota de adhesi\u00f3n a un Proyecto Ejecutivo General (PEG) cuya inversi\u00f3n estar\u00e1 dirigida a urbanizar el barrio La Rubita,\u00a0iniciativa que se desarrolla bajo el seguimiento de la Secretar\u00eda de Desarrollo Territorial y Ambiente. \u201cEso implica un desaf\u00edo de ejecutar obras que tienen que ver con el saneamiento h\u00eddrico, agua potable, cloacas y veredas. Es decir, lograr una infraestructura social b\u00e1sica\u201d, agreg\u00f3 Capitanich.<\/p>\n\n\n\n<p>Por otra parte,\u00a0el mandatario y el funcionario nacional acordaron tambi\u00e9n tratar la continuidad del programa \u201cBanco de Maquinarias, Herramientas e Insumos\u201d provincial y la implementaci\u00f3n de bancos municipales en 11 localidades del Chaco,\u00a0con el objetivo de llegar a mil emprendedores y emprendedoras sociales de toda la provincia.<\/p>\n\n\n\n<p>Por \u00faltimo, Capitanich y Arroyo anunciaron la autorizaci\u00f3n de microcr\u00e9ditos de la Comisi\u00f3n Nacional del Microcr\u00e9dito (CONAMI), los cuales fortalecer\u00e1n los proyectos productivos de los trabajadores informales con capacidad de repago. La iniciativa complementar\u00e1 otras pol\u00edticas ya implementadas por la provincia como \u201cBanca de Todxs\u201d, para potenciar el emprendedurismo social y la generaci\u00f3n de trabajo formal.<\/p>\n","protected":false},"excerpt":{"rendered":"<p>El gobernador Jorge Capitanich y el ministro de Desarrollo Social de la Naci\u00f3n, Daniel Arroyo, firmaron este mi\u00e9rcoles diversos convenios destinados a avanzar en la urbanizaci\u00f3n de los barrios populares, potenciar el emprendedurismo social y reforzar la seguridad alimentaria en la provincia.\u00a0La inversi\u00f3n para la totalidad de los convenios, con aportes tanto de la Naci\u00f3n &hellip;<\/p>\n","protected":false},"author":2,"featured_media":28950,"comment_status":"open","ping_status":"open","sticky":false,"template":"","format":"standard","meta":{"_jetpack_memberships_contains_paid_content":false,"footnotes":"","jetpack_publicize_message":"","jetpack_publicize_feature_enabled":true,"jetpack_social_post_already_shared":true,"jetpack_social_options":{"image_generator_settings":{"template":"highway","default_image_id":0,"font":"","enabled":false},"version":2}},"categories":[5,14,12],"tags":[],"class_list":["post-28949","post","type-post","status-publish","format-standard","has-post-thumbnail","hentry","category-chaco","category-politica","category-ultimo"],"jetpack_publicize_connections":[],"jetpack_featured_media_url":"https:\/\/portalmovil.com.ar\/wp-content\/uploads\/2021\/06\/FB_IMG_1622710420901.jpg","jetpack_sharing_enabled":true,"amp_enabled":true,"_links":{"self":[{"href":"https:\/\/portalmovil.com.ar\/index.php\/wp-json\/wp\/v2\/posts\/28949","targetHints":{"allow":["GET"]}}],"collection":[{"href":"https:\/\/portalmovil.com.ar\/index.php\/wp-json\/wp\/v2\/posts"}],"about":[{"href":"https:\/\/portalmovil.com.ar\/index.php\/wp-json\/wp\/v2\/types\/post"}],"author":[{"embeddable":true,"href":"https:\/\/portalmovil.com.ar\/index.php\/wp-json\/wp\/v2\/users\/2"}],"replies":[{"embeddable":true,"href":"https:\/\/portalmovil.com.ar\/index.php\/wp-json\/wp\/v2\/comments?post=28949"}],"version-history":[{"count":1,"href":"https:\/\/portalmovil.com.ar\/index.php\/wp-json\/wp\/v2\/posts\/28949\/revisions"}],"predecessor-version":[{"id":28951,"href":"https:\/\/portalmovil.com.ar\/index.php\/wp-json\/wp\/v2\/posts\/28949\/revisions\/28951"}],"wp:featuredmedia":[{"embeddable":true,"href":"https:\/\/portalmovil.com.ar\/index.php\/wp-json\/wp\/v2\/media\/28950"}],"wp:attachment":[{"href":"https:\/\/portalmovil.com.ar\/index.php\/wp-json\/wp\/v2\/media?parent=28949"}],"wp:term":[{"taxonomy":"category","embeddable":true,"href":"https:\/\/portalmovil.com.ar\/index.php\/wp-json\/wp\/v2\/categories?post=28949"},{"taxonomy":"post_tag","embeddable":true,"href":"https:\/\/portalmovil.com.ar\/index.php\/wp-json\/wp\/v2\/tags?post=28949"}],"curies":[{"name":"wp","href":"https:\/\/api.w.org\/{rel}","templated":true}]}}