{"id":28856,"date":"2021-06-02T07:35:13","date_gmt":"2021-06-02T10:35:13","guid":{"rendered":"https:\/\/portalmovil.com.ar\/?p=28856"},"modified":"2021-06-02T07:35:16","modified_gmt":"2021-06-02T10:35:16","slug":"mauricio-macri-le-pidio-una-foto-a-el-dipy","status":"publish","type":"post","link":"https:\/\/portalmovil.com.ar\/index.php\/2021\/06\/02\/mauricio-macri-le-pidio-una-foto-a-el-dipy\/","title":{"rendered":"Mauricio Macri le pidi\u00f3 una foto a El Dipy"},"content":{"rendered":"\n<p>Conocido por ser uno de los famosos m\u00e1s\u00a0anti kirchnerista del medio art\u00edstico,\u00a0El Dipy\u00a0le pidi\u00f3 a\u00a0Mauricio Macri\u00a0sacarse una &#8216;selfie&#8217; solo para ver \u00abreventar de bronca\u00bb a los militantes del Frente de Todos. Sin embargo, lo que caus\u00f3 sorpresa fue la respuesta del expresidente,\u00a0<strong>que accedi\u00f3 con gusto al pedido del cantante<\/strong>.<\/p>\n\n\n\n<p>\u00abPodrido me tienen dici\u00e9ndome macrista, ni lo conozco a Macri. \u00bfTanto quieren que lo conozca? Que les pasa&#8230; Si no pienso como ustedes, \u00bfsoy de Macri? Me cansaron.<strong>&nbsp;Solo por&nbsp;el placer de verlos reventar de bronca a los k, le voy a pedir una foto. Hola @mauriciomacri&nbsp;\u00bfsale selfie?<\/strong>\u00ab, public\u00f3 El Dipy en su cuenta de Twitter, recibiendo el&nbsp;apoyo inmediato de sus seguidores.<\/p>\n\n\n\n<p>Aunque present\u00f3 ese mensaje como un desaf\u00edo a los militantes del Gobierno, el mensaje de El Dipy refleja tambi\u00e9n un tibio acercamiento del artista hacia Juntos por el Cambio, especialmente con los sectores m\u00e1s duros del macrismo, que ven su presencia en los medios con furibundas cr\u00edticas a la gesti\u00f3n de Alberto Fern\u00e1ndez, y particularmente a Cristina Kirchner, lo como una potencial plataforma medi\u00e1tica para conquistar a\u00a0los votantes\u00a0que hoy est\u00e1n m\u00e1s cerca pol\u00edticamente de otros espacios de derecha como los libertarios de<strong>\u00a0Jos\u00e9 Luis Espert\u00a0<\/strong>y<strong>\u00a0Javier Milei<\/strong>.<\/p>\n\n\n\n<figure class=\"wp-block-embed is-type-rich is-provider-twitter wp-block-embed-twitter\"><div class=\"wp-block-embed__wrapper\">\n<div class=\"embed-twitter\"><blockquote class=\"twitter-tweet\" data-width=\"500\" data-dnt=\"true\"><p lang=\"es\" dir=\"ltr\">Cuando quieras hacemos la foto <a href=\"https:\/\/t.co\/oDwHWktqOC\">https:\/\/t.co\/oDwHWktqOC<\/a><\/p>&mdash; Mauricio Macri (@mauriciomacri) <a href=\"https:\/\/twitter.com\/mauriciomacri\/status\/1399907150349148160?ref_src=twsrc%5Etfw\">June 2, 2021<\/a><\/blockquote><script async src=\"https:\/\/platform.twitter.com\/widgets.js\" charset=\"utf-8\"><\/script><\/div>\n<\/div><\/figure>\n\n\n\n<p>En tanto, la respuesta del expresidente no se hizo esperar y sorprendi\u00f3 por su contundencia:&nbsp;\u00ab<strong>Cuando quieras hacemos la foto<\/strong>\u00ab.<\/p>\n\n\n\n<p>Luego de la publicaci\u00f3n de&nbsp;su libro Primer tiempo hace dos meses, y en el marco de un a\u00f1o electoral,&nbsp;<strong>Macri viene subiendo el perfil&nbsp;<\/strong>con diversas rondas de entrevistas en medios nacionales e internacionales, participando en encuentros virtuales dentro de Juntos por el Cambio y publicando mensajes en sus redes sociales.<\/p>\n","protected":false},"excerpt":{"rendered":"<p>Conocido por ser uno de los famosos m\u00e1s\u00a0anti kirchnerista del medio art\u00edstico,\u00a0El Dipy\u00a0le pidi\u00f3 a\u00a0Mauricio Macri\u00a0sacarse una &#8216;selfie&#8217; solo para ver \u00abreventar de bronca\u00bb a los militantes del Frente de Todos. Sin embargo, lo que caus\u00f3 sorpresa fue la respuesta del expresidente,\u00a0que accedi\u00f3 con gusto al pedido del cantante. \u00abPodrido me tienen dici\u00e9ndome macrista, ni &hellip;<\/p>\n","protected":false},"author":2,"featured_media":28859,"comment_status":"open","ping_status":"open","sticky":false,"template":"","format":"standard","meta":{"_jetpack_memberships_contains_paid_content":false,"footnotes":"","jetpack_publicize_message":"","jetpack_publicize_feature_enabled":true,"jetpack_social_post_already_shared":true,"jetpack_social_options":{"image_generator_settings":{"template":"highway","default_image_id":0,"font":"","enabled":false},"version":2}},"categories":[639],"tags":[],"class_list":["post-28856","post","type-post","status-publish","format-standard","has-post-thumbnail","hentry","category-argentina"],"jetpack_publicize_connections":[],"jetpack_featured_media_url":"https:\/\/portalmovil.com.ar\/wp-content\/uploads\/2021\/06\/EsXCqruW4AEZxYO.jpg","jetpack_sharing_enabled":true,"amp_enabled":true,"_links":{"self":[{"href":"https:\/\/portalmovil.com.ar\/index.php\/wp-json\/wp\/v2\/posts\/28856","targetHints":{"allow":["GET"]}}],"collection":[{"href":"https:\/\/portalmovil.com.ar\/index.php\/wp-json\/wp\/v2\/posts"}],"about":[{"href":"https:\/\/portalmovil.com.ar\/index.php\/wp-json\/wp\/v2\/types\/post"}],"author":[{"embeddable":true,"href":"https:\/\/portalmovil.com.ar\/index.php\/wp-json\/wp\/v2\/users\/2"}],"replies":[{"embeddable":true,"href":"https:\/\/portalmovil.com.ar\/index.php\/wp-json\/wp\/v2\/comments?post=28856"}],"version-history":[{"count":1,"href":"https:\/\/portalmovil.com.ar\/index.php\/wp-json\/wp\/v2\/posts\/28856\/revisions"}],"predecessor-version":[{"id":28860,"href":"https:\/\/portalmovil.com.ar\/index.php\/wp-json\/wp\/v2\/posts\/28856\/revisions\/28860"}],"wp:featuredmedia":[{"embeddable":true,"href":"https:\/\/portalmovil.com.ar\/index.php\/wp-json\/wp\/v2\/media\/28859"}],"wp:attachment":[{"href":"https:\/\/portalmovil.com.ar\/index.php\/wp-json\/wp\/v2\/media?parent=28856"}],"wp:term":[{"taxonomy":"category","embeddable":true,"href":"https:\/\/portalmovil.com.ar\/index.php\/wp-json\/wp\/v2\/categories?post=28856"},{"taxonomy":"post_tag","embeddable":true,"href":"https:\/\/portalmovil.com.ar\/index.php\/wp-json\/wp\/v2\/tags?post=28856"}],"curies":[{"name":"wp","href":"https:\/\/api.w.org\/{rel}","templated":true}]}}