{"id":28729,"date":"2021-05-31T20:16:42","date_gmt":"2021-05-31T23:16:42","guid":{"rendered":"https:\/\/portalmovil.com.ar\/?p=28729"},"modified":"2021-05-31T20:16:45","modified_gmt":"2021-05-31T23:16:45","slug":"convocan-a-sesion-especial-en-el-senado-para-debatir-la-postergacion-de-las-elecciones","status":"publish","type":"post","link":"https:\/\/portalmovil.com.ar\/index.php\/2021\/05\/31\/convocan-a-sesion-especial-en-el-senado-para-debatir-la-postergacion-de-las-elecciones\/","title":{"rendered":"Convocan a sesi\u00f3n especial en el Senado para debatir la postergaci\u00f3n de las elecciones"},"content":{"rendered":"\n<p>La presidenta del\u00a0Senado,\u00a0Cristina Kirchner, convoc\u00f3 este lunes a una sesi\u00f3n especial para el pr\u00f3ximo mi\u00e9rcoles en la que se debatir\u00e1 el proyecto para postergar las elecciones Primarias, Abiertas, Simult\u00e1neas y Obligatorias (PASO) y las generales por la pandemia del coronavirus.<\/p>\n\n\n\n<p>La cita en la C\u00e1mara alta es para este mi\u00e9rcoles 2 de junio a las 14 horas, seg\u00fan el decreto parlamentario 24\/21 firmado por la vicepresidenta. Un d\u00eda despu\u00e9s, ser\u00e1 el jefe de Gabinete, Santiago Cafiero, quien asista para brindar su informe de gesti\u00f3n.<\/p>\n\n\n\n<p>El proyecto, que ya fue aprobado en Diputados y fue consensuado entre el oficialismo y la oposici\u00f3n, prev\u00e9 posponer los comicios legislativos de este a\u00f1o para el 12 de septiembre, y las generales para el 14 de noviembre.<\/p>\n\n\n\n<p>La iniciativa fue aprobada en la C\u00e1mara de Diputados con 223 votos a favor, tres en contra y ocho abstenciones, y se prev\u00e9 que re\u00fana un consenso similar en el Senado.<\/p>\n","protected":false},"excerpt":{"rendered":"<p>La presidenta del\u00a0Senado,\u00a0Cristina Kirchner, convoc\u00f3 este lunes a una sesi\u00f3n especial para el pr\u00f3ximo mi\u00e9rcoles en la que se debatir\u00e1 el proyecto para postergar las elecciones Primarias, Abiertas, Simult\u00e1neas y Obligatorias (PASO) y las generales por la pandemia del coronavirus. La cita en la C\u00e1mara alta es para este mi\u00e9rcoles 2 de junio a las &hellip;<\/p>\n","protected":false},"author":2,"featured_media":28730,"comment_status":"open","ping_status":"open","sticky":false,"template":"","format":"standard","meta":{"_jetpack_memberships_contains_paid_content":false,"footnotes":"","jetpack_publicize_message":"","jetpack_publicize_feature_enabled":true,"jetpack_social_post_already_shared":true,"jetpack_social_options":{"image_generator_settings":{"template":"highway","default_image_id":0,"font":"","enabled":false},"version":2}},"categories":[34],"tags":[],"class_list":["post-28729","post","type-post","status-publish","format-standard","has-post-thumbnail","hentry","category-nacional"],"jetpack_publicize_connections":[],"jetpack_featured_media_url":"https:\/\/portalmovil.com.ar\/wp-content\/uploads\/2021\/05\/urnas-4dqj6t7pbs00.jpg","jetpack_sharing_enabled":true,"amp_enabled":true,"_links":{"self":[{"href":"https:\/\/portalmovil.com.ar\/index.php\/wp-json\/wp\/v2\/posts\/28729","targetHints":{"allow":["GET"]}}],"collection":[{"href":"https:\/\/portalmovil.com.ar\/index.php\/wp-json\/wp\/v2\/posts"}],"about":[{"href":"https:\/\/portalmovil.com.ar\/index.php\/wp-json\/wp\/v2\/types\/post"}],"author":[{"embeddable":true,"href":"https:\/\/portalmovil.com.ar\/index.php\/wp-json\/wp\/v2\/users\/2"}],"replies":[{"embeddable":true,"href":"https:\/\/portalmovil.com.ar\/index.php\/wp-json\/wp\/v2\/comments?post=28729"}],"version-history":[{"count":1,"href":"https:\/\/portalmovil.com.ar\/index.php\/wp-json\/wp\/v2\/posts\/28729\/revisions"}],"predecessor-version":[{"id":28731,"href":"https:\/\/portalmovil.com.ar\/index.php\/wp-json\/wp\/v2\/posts\/28729\/revisions\/28731"}],"wp:featuredmedia":[{"embeddable":true,"href":"https:\/\/portalmovil.com.ar\/index.php\/wp-json\/wp\/v2\/media\/28730"}],"wp:attachment":[{"href":"https:\/\/portalmovil.com.ar\/index.php\/wp-json\/wp\/v2\/media?parent=28729"}],"wp:term":[{"taxonomy":"category","embeddable":true,"href":"https:\/\/portalmovil.com.ar\/index.php\/wp-json\/wp\/v2\/categories?post=28729"},{"taxonomy":"post_tag","embeddable":true,"href":"https:\/\/portalmovil.com.ar\/index.php\/wp-json\/wp\/v2\/tags?post=28729"}],"curies":[{"name":"wp","href":"https:\/\/api.w.org\/{rel}","templated":true}]}}