{"id":28484,"date":"2021-05-28T15:16:11","date_gmt":"2021-05-28T18:16:11","guid":{"rendered":"https:\/\/portalmovil.com.ar\/?p=28484"},"modified":"2021-05-28T15:16:14","modified_gmt":"2021-05-28T18:16:14","slug":"senda-peatonal-iluminada-en-la-zona-norte-de-resistencia","status":"publish","type":"post","link":"https:\/\/portalmovil.com.ar\/index.php\/2021\/05\/28\/senda-peatonal-iluminada-en-la-zona-norte-de-resistencia\/","title":{"rendered":"Senda peatonal iluminada en la Zona Norte de Resistencia"},"content":{"rendered":"\n<p>Se trata de un sendero que se comunica con el puente de los Inmigrantes, construido a trav\u00e9s del programa de infraestructura Social B\u00e1sica, que ejecuta la cartera de Gobierno.<\/p>\n\n\n\n<p>Concluyeron las obras de construcci\u00f3n de veredas y colocaci\u00f3n de luminarias en el barrio Miranda Gallino y Villa R\u00edo Negro de Resistencia. Se trata de un sendero peatonal que se comunica con el puente de Los Inmigrantes. Las obras forman parte del programa de infraestructura Social B\u00e1sica que ejecuta la cartera de Gobierno en toda la provincia.<\/p>\n\n\n\n<p>Se construyeron 110 metros de veredas con 1,80 metros de ancho y Secheep coloc\u00f3 un sistema de iluminaci\u00f3n led que mejorar\u00e1 el acceso al lugar. \u201cEsta obra mejorar\u00e1 la accesibilidad y la seguridad de las y los vecinos que quieran acceder al puente de los inmigrantes, les agradecemos por la paciencia y la comprensi\u00f3n\u201d, destac\u00f3 el ministro de Gobierno y Trabajo, Juan Manuel Chapo.<\/p>\n\n\n\n<p>Las vecinas y los vecinos destacaron la importancia de la vereda porque facilita el acceso al puente y en los d\u00edas de lluvia mejora el traslado.<\/p>\n","protected":false},"excerpt":{"rendered":"<p>Se trata de un sendero que se comunica con el puente de los Inmigrantes, construido a trav\u00e9s del programa de infraestructura Social B\u00e1sica, que ejecuta la cartera de Gobierno. Concluyeron las obras de construcci\u00f3n de veredas y colocaci\u00f3n de luminarias en el barrio Miranda Gallino y Villa R\u00edo Negro de Resistencia. Se trata de un &hellip;<\/p>\n","protected":false},"author":2,"featured_media":28485,"comment_status":"open","ping_status":"open","sticky":false,"template":"","format":"standard","meta":{"_jetpack_memberships_contains_paid_content":false,"footnotes":"","jetpack_publicize_message":"","jetpack_publicize_feature_enabled":true,"jetpack_social_post_already_shared":true,"jetpack_social_options":{"image_generator_settings":{"template":"highway","default_image_id":0,"font":"","enabled":false},"version":2}},"categories":[5,37],"tags":[],"class_list":["post-28484","post","type-post","status-publish","format-standard","has-post-thumbnail","hentry","category-chaco","category-resistencia"],"jetpack_publicize_connections":[],"jetpack_featured_media_url":"https:\/\/portalmovil.com.ar\/wp-content\/uploads\/2021\/05\/20210528_151342.jpg","jetpack_sharing_enabled":true,"amp_enabled":true,"_links":{"self":[{"href":"https:\/\/portalmovil.com.ar\/index.php\/wp-json\/wp\/v2\/posts\/28484","targetHints":{"allow":["GET"]}}],"collection":[{"href":"https:\/\/portalmovil.com.ar\/index.php\/wp-json\/wp\/v2\/posts"}],"about":[{"href":"https:\/\/portalmovil.com.ar\/index.php\/wp-json\/wp\/v2\/types\/post"}],"author":[{"embeddable":true,"href":"https:\/\/portalmovil.com.ar\/index.php\/wp-json\/wp\/v2\/users\/2"}],"replies":[{"embeddable":true,"href":"https:\/\/portalmovil.com.ar\/index.php\/wp-json\/wp\/v2\/comments?post=28484"}],"version-history":[{"count":1,"href":"https:\/\/portalmovil.com.ar\/index.php\/wp-json\/wp\/v2\/posts\/28484\/revisions"}],"predecessor-version":[{"id":28486,"href":"https:\/\/portalmovil.com.ar\/index.php\/wp-json\/wp\/v2\/posts\/28484\/revisions\/28486"}],"wp:featuredmedia":[{"embeddable":true,"href":"https:\/\/portalmovil.com.ar\/index.php\/wp-json\/wp\/v2\/media\/28485"}],"wp:attachment":[{"href":"https:\/\/portalmovil.com.ar\/index.php\/wp-json\/wp\/v2\/media?parent=28484"}],"wp:term":[{"taxonomy":"category","embeddable":true,"href":"https:\/\/portalmovil.com.ar\/index.php\/wp-json\/wp\/v2\/categories?post=28484"},{"taxonomy":"post_tag","embeddable":true,"href":"https:\/\/portalmovil.com.ar\/index.php\/wp-json\/wp\/v2\/tags?post=28484"}],"curies":[{"name":"wp","href":"https:\/\/api.w.org\/{rel}","templated":true}]}}