{"id":2834,"date":"2020-03-03T17:37:50","date_gmt":"2020-03-03T20:37:50","guid":{"rendered":"http:\/\/portalmovil.com.ar\/?p=2834"},"modified":"2020-03-03T17:37:58","modified_gmt":"2020-03-03T20:37:58","slug":"reconocimiento-oficial-a-carlos-menem-tendra-su-busto-en-la-casa-rosada","status":"publish","type":"post","link":"https:\/\/portalmovil.com.ar\/index.php\/2020\/03\/03\/reconocimiento-oficial-a-carlos-menem-tendra-su-busto-en-la-casa-rosada\/","title":{"rendered":"Reconocimiento oficial a Carlos Menem: tendr\u00e1 su busto en la Casa Rosada"},"content":{"rendered":"\n<p>El 2 de julio el expresidente\u00a0<strong>Carlos Sa\u00fal Menem cumplir\u00e1 90 a\u00f1os<\/strong>, y el Gobierno le har\u00e1 un regalo muy especial:\u00a0<strong>la inauguraci\u00f3n de su propio busto en la Casa Rosada.<\/strong><\/p>\n\n\n\n<p>La idea surgi\u00f3 del propio presidente Alberto Fern\u00e1ndez, cont\u00f3 a&nbsp;<em>Infobae<\/em>&nbsp;el exsecretario general de la Presidencia durante el menemismo, Alberto Kohan.&nbsp;<strong>\u00c9l y Zulemita Menem se reunieron con el mandatario el 12 de febrero, y all\u00ed surgi\u00f3 la iniciativa.<\/strong><\/p>\n\n\n\n<p>El actual secretario general,&nbsp;<strong>Julio Vitobello, deber\u00e1 definir los detalles del reconocimiento, elegir al artista encargado de la obra y definir el lugar exacto<\/strong>&nbsp;donde se colocar\u00e1.<\/p>\n\n\n\n<figure class=\"wp-block-image\"><img decoding=\"async\" src=\"https:\/\/viapais.com.ar\/files\/2020\/03\/20200303154944_7504529_1_body-768x513.jpg\" alt=\"El Senador y expresidente de La Naci\u00f3n, Carlos Menem, acompa\u00f1ado de su Hija Zulema (EFE\/ Fabi\u00e1n Mattiazzi)\"\/><\/figure>\n\n\n\n<p>Desde que asumi\u00f3 el nuevo gobierno nacional, el senador Menem se mostr\u00f3 cercano. El domingo, por ejemplo,<strong>&nbsp;asisti\u00f3 a la ceremonia de apertura de las sesiones ordinarias del Congreso.<\/strong><\/p>\n\n\n\n<p>All\u00ed se lo vio, de buen humor,<strong>&nbsp;sentado en uno de los palcos del recinto de la C\u00e1mara de Diputados al lado del gobernador de la provincia de Buenos Aires, Axel Kicillof.<\/strong><\/p>\n\n\n\n<p><a href=\"https:\/\/viapais.com.ar\/argentina\/1618858-como-regalo-en-su-cumpleanos-de-90-carlos-menem-tendra-su-busto-en-casa-rosada\/#comentarios\"><\/a><br><\/p>\n","protected":false},"excerpt":{"rendered":"<p>El 2 de julio el expresidente\u00a0Carlos Sa\u00fal Menem cumplir\u00e1 90 a\u00f1os, y el Gobierno le har\u00e1 un regalo muy especial:\u00a0la inauguraci\u00f3n de su propio busto en la Casa Rosada. La idea surgi\u00f3 del propio presidente Alberto Fern\u00e1ndez, cont\u00f3 a&nbsp;Infobae&nbsp;el exsecretario general de la Presidencia durante el menemismo, Alberto Kohan.&nbsp;\u00c9l y Zulemita Menem se reunieron con &hellip;<\/p>\n","protected":false},"author":2,"featured_media":2835,"comment_status":"open","ping_status":"open","sticky":false,"template":"","format":"standard","meta":{"_jetpack_memberships_contains_paid_content":false,"footnotes":"","jetpack_publicize_message":"","jetpack_publicize_feature_enabled":true,"jetpack_social_post_already_shared":true,"jetpack_social_options":{"image_generator_settings":{"template":"highway","default_image_id":0,"font":"","enabled":false},"version":2}},"categories":[14],"tags":[],"class_list":["post-2834","post","type-post","status-publish","format-standard","has-post-thumbnail","hentry","category-politica"],"jetpack_publicize_connections":[],"jetpack_featured_media_url":"https:\/\/portalmovil.com.ar\/wp-content\/uploads\/2020\/03\/5b187c2008f3d954508b456b.jpg","jetpack_sharing_enabled":true,"amp_enabled":true,"_links":{"self":[{"href":"https:\/\/portalmovil.com.ar\/index.php\/wp-json\/wp\/v2\/posts\/2834","targetHints":{"allow":["GET"]}}],"collection":[{"href":"https:\/\/portalmovil.com.ar\/index.php\/wp-json\/wp\/v2\/posts"}],"about":[{"href":"https:\/\/portalmovil.com.ar\/index.php\/wp-json\/wp\/v2\/types\/post"}],"author":[{"embeddable":true,"href":"https:\/\/portalmovil.com.ar\/index.php\/wp-json\/wp\/v2\/users\/2"}],"replies":[{"embeddable":true,"href":"https:\/\/portalmovil.com.ar\/index.php\/wp-json\/wp\/v2\/comments?post=2834"}],"version-history":[{"count":1,"href":"https:\/\/portalmovil.com.ar\/index.php\/wp-json\/wp\/v2\/posts\/2834\/revisions"}],"predecessor-version":[{"id":2836,"href":"https:\/\/portalmovil.com.ar\/index.php\/wp-json\/wp\/v2\/posts\/2834\/revisions\/2836"}],"wp:featuredmedia":[{"embeddable":true,"href":"https:\/\/portalmovil.com.ar\/index.php\/wp-json\/wp\/v2\/media\/2835"}],"wp:attachment":[{"href":"https:\/\/portalmovil.com.ar\/index.php\/wp-json\/wp\/v2\/media?parent=2834"}],"wp:term":[{"taxonomy":"category","embeddable":true,"href":"https:\/\/portalmovil.com.ar\/index.php\/wp-json\/wp\/v2\/categories?post=2834"},{"taxonomy":"post_tag","embeddable":true,"href":"https:\/\/portalmovil.com.ar\/index.php\/wp-json\/wp\/v2\/tags?post=2834"}],"curies":[{"name":"wp","href":"https:\/\/api.w.org\/{rel}","templated":true}]}}