{"id":28187,"date":"2021-05-25T16:09:21","date_gmt":"2021-05-25T19:09:21","guid":{"rendered":"https:\/\/portalmovil.com.ar\/?p=28187"},"modified":"2021-05-25T20:16:18","modified_gmt":"2021-05-25T23:16:18","slug":"gustavo-martinez-insto-a-celebrar-desde-las-casas-otro-atipico-25-de-mayo","status":"publish","type":"post","link":"https:\/\/portalmovil.com.ar\/index.php\/2021\/05\/25\/gustavo-martinez-insto-a-celebrar-desde-las-casas-otro-atipico-25-de-mayo\/","title":{"rendered":"Gustavo Mart\u00ednez inst\u00f3 a celebrar desde las casas otro \u201cat\u00edpico\u201d 25 de Mayo"},"content":{"rendered":"\n<p>En el marco del complejo panorama sanitario por la pandemia del coronavirus, Gustavo protagoniz\u00f3 el izamiento de banderas en el M\u00e1stil Mayor en homenaje al 211\u00b0 aniversario de la gesta del primer gobierno patrio.<\/p>\n\n\n\n<p>Luego de realizar ese acto formal (protocolo correspondiente a las actuales restricciones), reflexion\u00f3 que se trata de otro 25 de Mayo \u201cmuy particular\u201d, ya que por segundo a\u00f1o consecutivo falta el acompa\u00f1amiento de los vecinos y vecinas de Resistencia que deben seguir celebrando desde sus hogares para mitigar el riesgo de contagios.<\/p>\n\n\n\n<p>Bajo este contexto, Gustavo convoc\u00f3 a la comunidad a \u201cembanderar sus hogares con los colores celeste y blanco\u201d, acompa\u00f1ando la destacada labor de trabajadores municipales que, con elementos reciclados, configuraron escarapelas y dem\u00e1s s\u00edmbolos patrios en inmediaciones de la plaza central.<\/p>\n\n\n\n<p>Finalmente, el jefe comunal pidi\u00f3 \u201cidentificar nuestras casas con la bandera argentina\u201d y \u201ccuidarse para seguir trabajando en pos de superar r\u00e1pidamente esta pandemia y, si Dios quiere, el pr\u00f3ximo a\u00f1o podamos festejar el 25 de Mayo en las calles, con todo el afecto patrio que nos caracteriza a los argentinos, argentinas, a los chaque\u00f1os, chaque\u00f1as, a los resistencianos y a las resistencianas\u201d.<\/p>\n","protected":false},"excerpt":{"rendered":"<p>En el marco del complejo panorama sanitario por la pandemia del coronavirus, Gustavo protagoniz\u00f3 el izamiento de banderas en el M\u00e1stil Mayor en homenaje al 211\u00b0 aniversario de la gesta del primer gobierno patrio. Luego de realizar ese acto formal (protocolo correspondiente a las actuales restricciones), reflexion\u00f3 que se trata de otro 25 de Mayo &hellip;<\/p>\n","protected":false},"author":2,"featured_media":28188,"comment_status":"open","ping_status":"open","sticky":false,"template":"","format":"standard","meta":{"_jetpack_memberships_contains_paid_content":false,"footnotes":"","jetpack_publicize_message":"","jetpack_publicize_feature_enabled":true,"jetpack_social_post_already_shared":true,"jetpack_social_options":{"image_generator_settings":{"template":"highway","default_image_id":0,"font":"","enabled":false},"version":2}},"categories":[37],"tags":[],"class_list":["post-28187","post","type-post","status-publish","format-standard","has-post-thumbnail","hentry","category-resistencia"],"jetpack_publicize_connections":[],"jetpack_featured_media_url":"https:\/\/portalmovil.com.ar\/wp-content\/uploads\/2021\/05\/FB_IMG_1621969616142.jpg","jetpack_sharing_enabled":true,"amp_enabled":true,"_links":{"self":[{"href":"https:\/\/portalmovil.com.ar\/index.php\/wp-json\/wp\/v2\/posts\/28187","targetHints":{"allow":["GET"]}}],"collection":[{"href":"https:\/\/portalmovil.com.ar\/index.php\/wp-json\/wp\/v2\/posts"}],"about":[{"href":"https:\/\/portalmovil.com.ar\/index.php\/wp-json\/wp\/v2\/types\/post"}],"author":[{"embeddable":true,"href":"https:\/\/portalmovil.com.ar\/index.php\/wp-json\/wp\/v2\/users\/2"}],"replies":[{"embeddable":true,"href":"https:\/\/portalmovil.com.ar\/index.php\/wp-json\/wp\/v2\/comments?post=28187"}],"version-history":[{"count":1,"href":"https:\/\/portalmovil.com.ar\/index.php\/wp-json\/wp\/v2\/posts\/28187\/revisions"}],"predecessor-version":[{"id":28189,"href":"https:\/\/portalmovil.com.ar\/index.php\/wp-json\/wp\/v2\/posts\/28187\/revisions\/28189"}],"wp:featuredmedia":[{"embeddable":true,"href":"https:\/\/portalmovil.com.ar\/index.php\/wp-json\/wp\/v2\/media\/28188"}],"wp:attachment":[{"href":"https:\/\/portalmovil.com.ar\/index.php\/wp-json\/wp\/v2\/media?parent=28187"}],"wp:term":[{"taxonomy":"category","embeddable":true,"href":"https:\/\/portalmovil.com.ar\/index.php\/wp-json\/wp\/v2\/categories?post=28187"},{"taxonomy":"post_tag","embeddable":true,"href":"https:\/\/portalmovil.com.ar\/index.php\/wp-json\/wp\/v2\/tags?post=28187"}],"curies":[{"name":"wp","href":"https:\/\/api.w.org\/{rel}","templated":true}]}}