{"id":27974,"date":"2021-05-23T10:26:54","date_gmt":"2021-05-23T13:26:54","guid":{"rendered":"https:\/\/portalmovil.com.ar\/?p=27974"},"modified":"2021-05-23T10:28:21","modified_gmt":"2021-05-23T13:28:21","slug":"fernandez-dijo-que-no-hay-24-planes-distintos-para-enfrentar-la-pandemia","status":"publish","type":"post","link":"https:\/\/portalmovil.com.ar\/index.php\/2021\/05\/23\/fernandez-dijo-que-no-hay-24-planes-distintos-para-enfrentar-la-pandemia\/","title":{"rendered":"Fern\u00e1ndez dijo que \u201cno hay 24 planes distintos para enfrentar la pandemia\u201d"},"content":{"rendered":"\n<p>El presidente, Alberto Fern\u00e1ndez, dijo que \u00abno puede haber 24 planes distintos para enfrentar la pandemia\u00bb de coronavirus, en funci\u00f3n de cada una de las jurisdicciones federales que tiene el pa\u00eds, y asegur\u00f3 haber advertido lo que pod\u00eda pasar ante una segunda ola de contagios pero lament\u00f3 que algunas autoridades provinciales no lo hayan escuchado.<\/p>\n\n\n\n<p>\u00abSiento que no fui escuchado y advert\u00ed que esto pod\u00eda venir. Hubo municipios y provincias que mantuvieron todo abierto en las \u00faltimas semanas y eso nos pasa porque Argentina es un pa\u00eds federal. Pero el covid no ha le\u00eddo la Constituci\u00f3n Argentina y afecta a todos por igual\u00bb, sostuvo este s\u00e1bado por la noche en declaraciones al canal CNN en Espa\u00f1ol, en una entrevista grabada de d\u00eda en la Quinta de Olivos<\/p>\n","protected":false},"excerpt":{"rendered":"<p>El presidente, Alberto Fern\u00e1ndez, dijo que \u00abno puede haber 24 planes distintos para enfrentar la pandemia\u00bb de coronavirus, en funci\u00f3n de cada una de las jurisdicciones federales que tiene el pa\u00eds, y asegur\u00f3 haber advertido lo que pod\u00eda pasar ante una segunda ola de contagios pero lament\u00f3 que algunas autoridades provinciales no lo hayan escuchado. &hellip;<\/p>\n","protected":false},"author":2,"featured_media":14030,"comment_status":"open","ping_status":"open","sticky":false,"template":"","format":"standard","meta":{"_jetpack_memberships_contains_paid_content":false,"footnotes":"","jetpack_publicize_message":"","jetpack_publicize_feature_enabled":true,"jetpack_social_post_already_shared":true,"jetpack_social_options":{"image_generator_settings":{"template":"highway","default_image_id":0,"font":"","enabled":false},"version":2}},"categories":[34,12],"tags":[],"class_list":["post-27974","post","type-post","status-publish","format-standard","has-post-thumbnail","hentry","category-nacional","category-ultimo"],"jetpack_publicize_connections":[],"jetpack_featured_media_url":"https:\/\/portalmovil.com.ar\/wp-content\/uploads\/2020\/10\/Alberto-Fernandez-4-696x392-1.jpg","jetpack_sharing_enabled":true,"amp_enabled":true,"_links":{"self":[{"href":"https:\/\/portalmovil.com.ar\/index.php\/wp-json\/wp\/v2\/posts\/27974","targetHints":{"allow":["GET"]}}],"collection":[{"href":"https:\/\/portalmovil.com.ar\/index.php\/wp-json\/wp\/v2\/posts"}],"about":[{"href":"https:\/\/portalmovil.com.ar\/index.php\/wp-json\/wp\/v2\/types\/post"}],"author":[{"embeddable":true,"href":"https:\/\/portalmovil.com.ar\/index.php\/wp-json\/wp\/v2\/users\/2"}],"replies":[{"embeddable":true,"href":"https:\/\/portalmovil.com.ar\/index.php\/wp-json\/wp\/v2\/comments?post=27974"}],"version-history":[{"count":2,"href":"https:\/\/portalmovil.com.ar\/index.php\/wp-json\/wp\/v2\/posts\/27974\/revisions"}],"predecessor-version":[{"id":27976,"href":"https:\/\/portalmovil.com.ar\/index.php\/wp-json\/wp\/v2\/posts\/27974\/revisions\/27976"}],"wp:featuredmedia":[{"embeddable":true,"href":"https:\/\/portalmovil.com.ar\/index.php\/wp-json\/wp\/v2\/media\/14030"}],"wp:attachment":[{"href":"https:\/\/portalmovil.com.ar\/index.php\/wp-json\/wp\/v2\/media?parent=27974"}],"wp:term":[{"taxonomy":"category","embeddable":true,"href":"https:\/\/portalmovil.com.ar\/index.php\/wp-json\/wp\/v2\/categories?post=27974"},{"taxonomy":"post_tag","embeddable":true,"href":"https:\/\/portalmovil.com.ar\/index.php\/wp-json\/wp\/v2\/tags?post=27974"}],"curies":[{"name":"wp","href":"https:\/\/api.w.org\/{rel}","templated":true}]}}