{"id":27906,"date":"2021-05-22T13:58:39","date_gmt":"2021-05-22T16:58:39","guid":{"rendered":"https:\/\/portalmovil.com.ar\/?p=27906"},"modified":"2021-05-22T13:58:41","modified_gmt":"2021-05-22T16:58:41","slug":"advierten-por-obras-de-transito-en-avenida-alvear-y-ruta-11-a-partir-de-este-lunes","status":"publish","type":"post","link":"https:\/\/portalmovil.com.ar\/index.php\/2021\/05\/22\/advierten-por-obras-de-transito-en-avenida-alvear-y-ruta-11-a-partir-de-este-lunes\/","title":{"rendered":"Advierten por obras de tr\u00e1nsito en avenida Alvear y Ruta 11 a partir de este lunes"},"content":{"rendered":"\n<p>Desde la Direcci\u00f3n Nacional de Vialidad informaron este s\u00e1bado que se dar\u00e1 inicio a los trabajos de la Autov\u00eda 11 en la intersecci\u00f3n con Av. Alvear y la consecuente intervenci\u00f3n en los pasos habituales en ese sector a partir del pr\u00f3ximo d\u00eda lunes 24, por lo cual aseguran \u201cquedar\u00e1 bloqueada esa v\u00eda para el paso de un lado al otro de la ruta y por ende se producir\u00e1n los desv\u00edos correspondientes\u201d.&nbsp;<\/p>\n\n\n\n<p>Estos desv\u00edos ocasionar\u00e1n algunas demoras en el tr\u00e1nsito habitual por Av. Alvear entre Resistencia y Fontana, por lo que recomendaron a los usuarios que circulen por la Ruta 11 y quieran acceder a Resistencia y Fontana, y\/o cruzar la arteria nacional hacia Fontana o Resistencia; \u201cque se dirijan a los accesos por Av. 25 de Mayo hacia Fontana y por Av. Marconi hacia Resistencia, derivando hacia all\u00ed el mayor flujo vehicular\u201d. Adem\u00e1s, precisaron que \u201chabr\u00e1 pasos alternativos para motos y peatones debidamente se\u00f1alizados y regulados por sem\u00e1foros\u201d.&nbsp;<\/p>\n\n\n\n<p>Ante eso, aseguran que \u201cse trabajar\u00e1 de forma conjunta con personal de tr\u00e1nsito del Municipio de Resistencia, la Polic\u00eda Caminera del Chaco y Gendarmer\u00eda Nacional, quienes regular\u00e1n la circulaci\u00f3n en los diferentes cruces de la Ruta Nacional 11\u201d.&nbsp;<\/p>\n\n\n\n<p>\u201cComo consecuencia de los trabajos y el intenso movimiento de equipos, Vialidad Nacional solicita a los conductores estar atentos a la carteler\u00eda y se\u00f1al\u00e9tica, circular a baja velocidad y acatar las indicaciones del personal de tr\u00e1nsito\u201d, remarcaron, y agregaron que \u201cadem\u00e1s y como siempre, utilizar el cintur\u00f3n de seguridad y tener las luces bajas encendidas\u201d.<\/p>\n","protected":false},"excerpt":{"rendered":"<p>Desde la Direcci\u00f3n Nacional de Vialidad informaron este s\u00e1bado que se dar\u00e1 inicio a los trabajos de la Autov\u00eda 11 en la intersecci\u00f3n con Av. Alvear y la consecuente intervenci\u00f3n en los pasos habituales en ese sector a partir del pr\u00f3ximo d\u00eda lunes 24, por lo cual aseguran \u201cquedar\u00e1 bloqueada esa v\u00eda para el paso &hellip;<\/p>\n","protected":false},"author":2,"featured_media":27907,"comment_status":"open","ping_status":"open","sticky":false,"template":"","format":"standard","meta":{"_jetpack_memberships_contains_paid_content":false,"footnotes":"","jetpack_publicize_message":"","jetpack_publicize_feature_enabled":true,"jetpack_social_post_already_shared":true,"jetpack_social_options":{"image_generator_settings":{"template":"highway","default_image_id":0,"font":"","enabled":false},"version":2}},"categories":[37,3],"tags":[],"class_list":["post-27906","post","type-post","status-publish","format-standard","has-post-thumbnail","hentry","category-resistencia","category-sociedad"],"jetpack_publicize_connections":[],"jetpack_featured_media_url":"https:\/\/portalmovil.com.ar\/wp-content\/uploads\/2021\/05\/20210522_135644.jpg","jetpack_sharing_enabled":true,"amp_enabled":true,"_links":{"self":[{"href":"https:\/\/portalmovil.com.ar\/index.php\/wp-json\/wp\/v2\/posts\/27906","targetHints":{"allow":["GET"]}}],"collection":[{"href":"https:\/\/portalmovil.com.ar\/index.php\/wp-json\/wp\/v2\/posts"}],"about":[{"href":"https:\/\/portalmovil.com.ar\/index.php\/wp-json\/wp\/v2\/types\/post"}],"author":[{"embeddable":true,"href":"https:\/\/portalmovil.com.ar\/index.php\/wp-json\/wp\/v2\/users\/2"}],"replies":[{"embeddable":true,"href":"https:\/\/portalmovil.com.ar\/index.php\/wp-json\/wp\/v2\/comments?post=27906"}],"version-history":[{"count":1,"href":"https:\/\/portalmovil.com.ar\/index.php\/wp-json\/wp\/v2\/posts\/27906\/revisions"}],"predecessor-version":[{"id":27908,"href":"https:\/\/portalmovil.com.ar\/index.php\/wp-json\/wp\/v2\/posts\/27906\/revisions\/27908"}],"wp:featuredmedia":[{"embeddable":true,"href":"https:\/\/portalmovil.com.ar\/index.php\/wp-json\/wp\/v2\/media\/27907"}],"wp:attachment":[{"href":"https:\/\/portalmovil.com.ar\/index.php\/wp-json\/wp\/v2\/media?parent=27906"}],"wp:term":[{"taxonomy":"category","embeddable":true,"href":"https:\/\/portalmovil.com.ar\/index.php\/wp-json\/wp\/v2\/categories?post=27906"},{"taxonomy":"post_tag","embeddable":true,"href":"https:\/\/portalmovil.com.ar\/index.php\/wp-json\/wp\/v2\/tags?post=27906"}],"curies":[{"name":"wp","href":"https:\/\/api.w.org\/{rel}","templated":true}]}}