{"id":27878,"date":"2021-05-22T08:25:20","date_gmt":"2021-05-22T11:25:20","guid":{"rendered":"https:\/\/portalmovil.com.ar\/?p=27878"},"modified":"2021-05-22T08:25:23","modified_gmt":"2021-05-22T11:25:23","slug":"habilitaron-obra-vial-en-el-acceso-principal-a-laguna-blanca","status":"publish","type":"post","link":"https:\/\/portalmovil.com.ar\/index.php\/2021\/05\/22\/habilitaron-obra-vial-en-el-acceso-principal-a-laguna-blanca\/","title":{"rendered":"Habilitaron obra vial en el acceso principal a Laguna Blanca"},"content":{"rendered":"\n<p>El Gobernador present\u00f3, en la noche del viernes, los trabajos realizados por Vialidad Provincial, que implicaron tareas de bacheo y mejoramiento de calzada en 1300 metros, desde el puente sobre el r\u00edo Negro hasta el empalme con la ruta nacional N\u00b0 16.<\/p>\n\n\n\n<p>El gobernador Jorge Capitanich inaugur\u00f3 en la noche del viernes 21, las obras de repavimentaci\u00f3n, bacheo y recapado asf\u00e1ltico en el acceso de la localidad de Laguna Blanca, las cuales demandaron una inversi\u00f3n de m\u00e1s de siete millones de pesos.<\/p>\n\n\n\n<p>Se trata de la repavimentaci\u00f3n de 1300 metros del acceso principal a Laguna Blanca, donde Vialidad Provincial realiz\u00f3 las tareas de bacheo que va desde el puente sobre el r\u00edo Negro hasta el empalme con la ruta nacional N\u00b0 16.<\/p>\n\n\n\n<p>El mandatario estuvo acompa\u00f1ado del administrador General de la Direcci\u00f3n de Vialidad Provincial, Hugo Varela; el ministro de Planificaci\u00f3n, Econom\u00eda e Infraestructura, Santiago P\u00e9rez Pons; el intendente de la localidad, Jos\u00e9 Panzardi; y la diputada provincial, Claudia Panzardi.<\/p>\n\n\n\n<p>\u201cEsta es una obra muy importante y esperada por los pobladores, ya que se mejorar\u00e1n las condiciones de circulaci\u00f3n no s\u00f3lo para los habitantes de Laguna Blanca sino tambi\u00e9n para quienes viven en sus alrededores\u201d, explic\u00f3 el administrador de Vialidad Provincial, Hugo Varela.<\/p>\n\n\n\n<p>Tambi\u00e9n, el administrador del organismo describi\u00f3 los trabajos que se realizaron, entre ellos, el recapado asf\u00e1ltico en 400 metros dentro del ejido municipal, adem\u00e1s de tareas de bacheo y repavimentaci\u00f3n en 1.300 metros del acceso. Todo cuenta con un ancho de calzada de 5,30 metros y 4 cm de espesor de la nueva carpeta asf\u00e1ltica. La obra se ejecut\u00f3 a trav\u00e9s de la empresa Vial Plus bajo la supervisi\u00f3n de la Ingeniera Evangelina Pedrazzoli.<\/p>\n\n\n\n<p>\u201cVenimos trabajando en much\u00edsimas localidades de la provincia gracias al acompa\u00f1amiento incondicional del Gobernador para con Vialidad Provincial. Con cada una de estas obras se generan puestos de trabajo y movimientos econ\u00f3micos que impactan en beneficio de las localidades\u201d, destac\u00f3 Varela.<\/p>\n\n\n\n<p>Por \u00faltimo, el administrador General de la DPV remarc\u00f3 que estas obras \u201cson proyectos anhelados por los pobladores de toda la provincia. Por eso las vamos a seguir cumpliendo tambi\u00e9n en Castelli, Las Bre\u00f1as, La Clotilde, Villa Berthet, Fontana, por citar s\u00f3lo algunos ejemplos\u201d.<\/p>\n\n\n\n<p>Por su parte, el intendente de Laguna Blanca, Jos\u00e9 Panzardi, hizo hincapi\u00e9 en la importancia del acceso repavimentado. \u201cSobre esta arteria se mueve la producci\u00f3n completa del pueblo, adem\u00e1s del transporte como tal. Es decir, tiene much\u00edsimo movimiento. Adem\u00e1s, esto se complementa con las seis cuadras de pavimento que tuvimos la suerte de inaugurar en diciembre. Esto es verdaderamente mejorar la calidad de vida de nuestros pobladores\u201d, asegur\u00f3.<\/p>\n","protected":false},"excerpt":{"rendered":"<p>El Gobernador present\u00f3, en la noche del viernes, los trabajos realizados por Vialidad Provincial, que implicaron tareas de bacheo y mejoramiento de calzada en 1300 metros, desde el puente sobre el r\u00edo Negro hasta el empalme con la ruta nacional N\u00b0 16. El gobernador Jorge Capitanich inaugur\u00f3 en la noche del viernes 21, las obras &hellip;<\/p>\n","protected":false},"author":2,"featured_media":27876,"comment_status":"open","ping_status":"open","sticky":false,"template":"","format":"standard","meta":{"_jetpack_memberships_contains_paid_content":false,"footnotes":"","jetpack_publicize_message":"","jetpack_publicize_feature_enabled":true,"jetpack_social_post_already_shared":true,"jetpack_social_options":{"image_generator_settings":{"template":"highway","default_image_id":0,"font":"","enabled":false},"version":2}},"categories":[5,42],"tags":[],"class_list":["post-27878","post","type-post","status-publish","format-standard","has-post-thumbnail","hentry","category-chaco","category-interior"],"jetpack_publicize_connections":[],"jetpack_featured_media_url":"https:\/\/portalmovil.com.ar\/wp-content\/uploads\/2021\/05\/b07923b0ef9395573342f68fbc5969ad.jpg","jetpack_sharing_enabled":true,"amp_enabled":true,"_links":{"self":[{"href":"https:\/\/portalmovil.com.ar\/index.php\/wp-json\/wp\/v2\/posts\/27878","targetHints":{"allow":["GET"]}}],"collection":[{"href":"https:\/\/portalmovil.com.ar\/index.php\/wp-json\/wp\/v2\/posts"}],"about":[{"href":"https:\/\/portalmovil.com.ar\/index.php\/wp-json\/wp\/v2\/types\/post"}],"author":[{"embeddable":true,"href":"https:\/\/portalmovil.com.ar\/index.php\/wp-json\/wp\/v2\/users\/2"}],"replies":[{"embeddable":true,"href":"https:\/\/portalmovil.com.ar\/index.php\/wp-json\/wp\/v2\/comments?post=27878"}],"version-history":[{"count":1,"href":"https:\/\/portalmovil.com.ar\/index.php\/wp-json\/wp\/v2\/posts\/27878\/revisions"}],"predecessor-version":[{"id":27879,"href":"https:\/\/portalmovil.com.ar\/index.php\/wp-json\/wp\/v2\/posts\/27878\/revisions\/27879"}],"wp:featuredmedia":[{"embeddable":true,"href":"https:\/\/portalmovil.com.ar\/index.php\/wp-json\/wp\/v2\/media\/27876"}],"wp:attachment":[{"href":"https:\/\/portalmovil.com.ar\/index.php\/wp-json\/wp\/v2\/media?parent=27878"}],"wp:term":[{"taxonomy":"category","embeddable":true,"href":"https:\/\/portalmovil.com.ar\/index.php\/wp-json\/wp\/v2\/categories?post=27878"},{"taxonomy":"post_tag","embeddable":true,"href":"https:\/\/portalmovil.com.ar\/index.php\/wp-json\/wp\/v2\/tags?post=27878"}],"curies":[{"name":"wp","href":"https:\/\/api.w.org\/{rel}","templated":true}]}}