{"id":27723,"date":"2021-05-20T12:12:33","date_gmt":"2021-05-20T15:12:33","guid":{"rendered":"https:\/\/portalmovil.com.ar\/?p=27723"},"modified":"2021-05-20T12:12:35","modified_gmt":"2021-05-20T15:12:35","slug":"macri-pague-mi-vacuna-para-liberar-otra-en-mi-pais","status":"publish","type":"post","link":"https:\/\/portalmovil.com.ar\/index.php\/2021\/05\/20\/macri-pague-mi-vacuna-para-liberar-otra-en-mi-pais\/","title":{"rendered":"Macri: \u00abPagu\u00e9 mi vacuna para liberar otra en mi pa\u00eds\u00bb"},"content":{"rendered":"\n<p>El ex presidente de la Naci\u00f3n, Mauricio Macri , habl\u00f3 nuevamente de la cuesti\u00f3n de las vacunas y justific\u00f3, una vez m\u00e1s, encontr\u00f3 la dosis contra el Covid-19 en Miami.<\/p>\n\n\n\n<p>\u00abEsper\u00e9 que se vacunaran todos los que tienen comorbilidad. Yo tengo 62 a\u00f1os, me tocaba turno. Estando en un congreso en Miami, el tipo que hablaba antes de m\u00ed me cont\u00f3 que fue a vacunarse a la farmacia, a dos cuadras. Y dije \u00bfC\u00f3mo no voy a caminar dos cuadras, pagar y liberar una vacuna en mi pa\u00eds? \u00ab, Respondi\u00f3 ante Cadena 3 cuando le consultaron por las cr\u00edticas que recibieron.<\/p>\n\n\n\n<p>Seguido, el l\u00edder de Juntos por el Cambio asegur\u00f3 que le hubiera gustado \u00abgustado comprar muchas vacunas\u00bb para traerlas al pa\u00eds y critic\u00f3 la gesti\u00f3n del Gobierno de Alberto Fern\u00e1ndez&nbsp; al respecto.<\/p>\n\n\n\n<p>\u00abNadie explicado por qu\u00e9 no vinieron al pa\u00eds las 13 millones de vacunas de Pfizer, ni por qu\u00e9 se tom\u00f3 la m\u00ednima cantidad de dosis de Covax, ni qu\u00e9 pas\u00f3 con las de AstraZeneca\u00bb , cuestion\u00f3.<\/p>\n\n\n\n<p>En la misma l\u00ednea asegur\u00f3 que \u00bb el sentido com\u00fan es comprar todas las vacunas posibles\u00bb porque \u00abes mayor el da\u00f1o de no tenerlas\u00bb y ejemplific\u00f3 el caso de Estados Unidos donde \u00abla gente est\u00e1 toda en la calle\u00bb sin barbijos&nbsp; \u00abla vida se restableci\u00f3 despu\u00e9s del da\u00f1o que se ha hecho por la falta de vacunas y cuarentenas eternas \u00ab.<\/p>\n","protected":false},"excerpt":{"rendered":"<p>El ex presidente de la Naci\u00f3n, Mauricio Macri , habl\u00f3 nuevamente de la cuesti\u00f3n de las vacunas y justific\u00f3, una vez m\u00e1s, encontr\u00f3 la dosis contra el Covid-19 en Miami. \u00abEsper\u00e9 que se vacunaran todos los que tienen comorbilidad. Yo tengo 62 a\u00f1os, me tocaba turno. Estando en un congreso en Miami, el tipo que &hellip;<\/p>\n","protected":false},"author":2,"featured_media":21636,"comment_status":"open","ping_status":"open","sticky":false,"template":"","format":"standard","meta":{"_jetpack_memberships_contains_paid_content":false,"footnotes":"","jetpack_publicize_message":"","jetpack_publicize_feature_enabled":true,"jetpack_social_post_already_shared":true,"jetpack_social_options":{"image_generator_settings":{"template":"highway","default_image_id":0,"font":"","enabled":false},"version":2}},"categories":[28,639],"tags":[],"class_list":["post-27723","post","type-post","status-publish","format-standard","has-post-thumbnail","hentry","category-actualidad","category-argentina"],"jetpack_publicize_connections":[],"jetpack_featured_media_url":"https:\/\/portalmovil.com.ar\/wp-content\/uploads\/2021\/03\/MACRI.png","jetpack_sharing_enabled":true,"amp_enabled":true,"_links":{"self":[{"href":"https:\/\/portalmovil.com.ar\/index.php\/wp-json\/wp\/v2\/posts\/27723","targetHints":{"allow":["GET"]}}],"collection":[{"href":"https:\/\/portalmovil.com.ar\/index.php\/wp-json\/wp\/v2\/posts"}],"about":[{"href":"https:\/\/portalmovil.com.ar\/index.php\/wp-json\/wp\/v2\/types\/post"}],"author":[{"embeddable":true,"href":"https:\/\/portalmovil.com.ar\/index.php\/wp-json\/wp\/v2\/users\/2"}],"replies":[{"embeddable":true,"href":"https:\/\/portalmovil.com.ar\/index.php\/wp-json\/wp\/v2\/comments?post=27723"}],"version-history":[{"count":1,"href":"https:\/\/portalmovil.com.ar\/index.php\/wp-json\/wp\/v2\/posts\/27723\/revisions"}],"predecessor-version":[{"id":27724,"href":"https:\/\/portalmovil.com.ar\/index.php\/wp-json\/wp\/v2\/posts\/27723\/revisions\/27724"}],"wp:featuredmedia":[{"embeddable":true,"href":"https:\/\/portalmovil.com.ar\/index.php\/wp-json\/wp\/v2\/media\/21636"}],"wp:attachment":[{"href":"https:\/\/portalmovil.com.ar\/index.php\/wp-json\/wp\/v2\/media?parent=27723"}],"wp:term":[{"taxonomy":"category","embeddable":true,"href":"https:\/\/portalmovil.com.ar\/index.php\/wp-json\/wp\/v2\/categories?post=27723"},{"taxonomy":"post_tag","embeddable":true,"href":"https:\/\/portalmovil.com.ar\/index.php\/wp-json\/wp\/v2\/tags?post=27723"}],"curies":[{"name":"wp","href":"https:\/\/api.w.org\/{rel}","templated":true}]}}