{"id":27529,"date":"2021-05-18T12:38:40","date_gmt":"2021-05-18T15:38:40","guid":{"rendered":"https:\/\/portalmovil.com.ar\/?p=27529"},"modified":"2021-05-18T12:38:42","modified_gmt":"2021-05-18T15:38:42","slug":"capitanich-adelanto-que-se-trabaja-en-crear-una-ruta-aerea-que-conecte-resistencia-asuncion","status":"publish","type":"post","link":"https:\/\/portalmovil.com.ar\/index.php\/2021\/05\/18\/capitanich-adelanto-que-se-trabaja-en-crear-una-ruta-aerea-que-conecte-resistencia-asuncion\/","title":{"rendered":"Capitanich adelant\u00f3 que se trabaja en crear una ruta a\u00e9rea que conecte Resistencia-Asunci\u00f3n"},"content":{"rendered":"\n<p>El gobernador del Chaco Jorge Capitanich cont\u00f3 en sus redes sociales que este martes concret\u00f3 una reuni\u00f3n con el gerente general de la aerol\u00ednea JetSMART Argentina Gonzalo P\u00e9rez Corral para la concreci\u00f3n de rutas a\u00e9reas que conecten a la provincia con nuevos destinos.<\/p>\n\n\n\n<p>\u201cEstamos evaluando la posibilidad de crear una nueva ruta a\u00e9rea que conecte Buenos Aires &#8211; Resistencia &#8211; Asunci\u00f3n ida y vuelta\u201d, coment\u00f3 el gobernador desde su cuenta personal, y agreg\u00f3 adem\u00e1s que \u201ctambi\u00e9n analizamos un modelo de integraci\u00f3n de rutas a\u00e9reas en el Norte Grande con hubs rotativos en NOA y NEA\u201d.<\/p>\n\n\n\n<p>Al respecto, el mandatario asegur\u00f3 que \u201cla conectividad a\u00e9rea, vial y comunicacional es clave para el desarrollo de nuestra provincia\u201d, y remarc\u00f3 que \u201cseguimos trabajando para que, a mediano plazo planificando la pospandemia y con los cuidados necesarios, los chaque\u00f1os y chaque\u00f1as puedan viajar a destinos nacionales e internacionales de manera m\u00e1s accesible, r\u00e1pida y c\u00f3moda\u201d.<\/p>\n","protected":false},"excerpt":{"rendered":"<p>El gobernador del Chaco Jorge Capitanich cont\u00f3 en sus redes sociales que este martes concret\u00f3 una reuni\u00f3n con el gerente general de la aerol\u00ednea JetSMART Argentina Gonzalo P\u00e9rez Corral para la concreci\u00f3n de rutas a\u00e9reas que conecten a la provincia con nuevos destinos. \u201cEstamos evaluando la posibilidad de crear una nueva ruta a\u00e9rea que conecte &hellip;<\/p>\n","protected":false},"author":2,"featured_media":27531,"comment_status":"open","ping_status":"open","sticky":false,"template":"","format":"standard","meta":{"_jetpack_memberships_contains_paid_content":false,"footnotes":"","jetpack_publicize_message":"","jetpack_publicize_feature_enabled":true,"jetpack_social_post_already_shared":true,"jetpack_social_options":{"image_generator_settings":{"template":"highway","default_image_id":0,"font":"","enabled":false},"version":2}},"categories":[5,14],"tags":[],"class_list":["post-27529","post","type-post","status-publish","format-standard","has-post-thumbnail","hentry","category-chaco","category-politica"],"jetpack_publicize_connections":[],"jetpack_featured_media_url":"https:\/\/portalmovil.com.ar\/wp-content\/uploads\/2021\/05\/20210518_123252-1.jpg","jetpack_sharing_enabled":true,"amp_enabled":true,"_links":{"self":[{"href":"https:\/\/portalmovil.com.ar\/index.php\/wp-json\/wp\/v2\/posts\/27529","targetHints":{"allow":["GET"]}}],"collection":[{"href":"https:\/\/portalmovil.com.ar\/index.php\/wp-json\/wp\/v2\/posts"}],"about":[{"href":"https:\/\/portalmovil.com.ar\/index.php\/wp-json\/wp\/v2\/types\/post"}],"author":[{"embeddable":true,"href":"https:\/\/portalmovil.com.ar\/index.php\/wp-json\/wp\/v2\/users\/2"}],"replies":[{"embeddable":true,"href":"https:\/\/portalmovil.com.ar\/index.php\/wp-json\/wp\/v2\/comments?post=27529"}],"version-history":[{"count":1,"href":"https:\/\/portalmovil.com.ar\/index.php\/wp-json\/wp\/v2\/posts\/27529\/revisions"}],"predecessor-version":[{"id":27532,"href":"https:\/\/portalmovil.com.ar\/index.php\/wp-json\/wp\/v2\/posts\/27529\/revisions\/27532"}],"wp:featuredmedia":[{"embeddable":true,"href":"https:\/\/portalmovil.com.ar\/index.php\/wp-json\/wp\/v2\/media\/27531"}],"wp:attachment":[{"href":"https:\/\/portalmovil.com.ar\/index.php\/wp-json\/wp\/v2\/media?parent=27529"}],"wp:term":[{"taxonomy":"category","embeddable":true,"href":"https:\/\/portalmovil.com.ar\/index.php\/wp-json\/wp\/v2\/categories?post=27529"},{"taxonomy":"post_tag","embeddable":true,"href":"https:\/\/portalmovil.com.ar\/index.php\/wp-json\/wp\/v2\/tags?post=27529"}],"curies":[{"name":"wp","href":"https:\/\/api.w.org\/{rel}","templated":true}]}}