{"id":27446,"date":"2021-05-17T17:49:53","date_gmt":"2021-05-17T20:49:53","guid":{"rendered":"https:\/\/portalmovil.com.ar\/?p=27446"},"modified":"2021-05-17T17:49:56","modified_gmt":"2021-05-17T20:49:56","slug":"el-milagro-chloe-sus-padres-volcaron-en-la-ruta-la-beba-salio-despedida-del-auto-y-la-hallaron-ilesa-y-sonriendo","status":"publish","type":"post","link":"https:\/\/portalmovil.com.ar\/index.php\/2021\/05\/17\/el-milagro-chloe-sus-padres-volcaron-en-la-ruta-la-beba-salio-despedida-del-auto-y-la-hallaron-ilesa-y-sonriendo\/","title":{"rendered":"El milagro Chloe: sus padres volcaron en la ruta, la beba sali\u00f3 despedida del auto y la hallaron ilesa y sonriendo"},"content":{"rendered":"\n<p>El brutal accidente de tr\u00e1nsito sufrido por una familia oriunda de Comodoro Rivadavia el mi\u00e9rcoles 12 mayo sobre la ruta 3, cuando se dirig\u00eda hacia Trelew, se transform\u00f3 en un inesperado milagro y la emotiva historia se hizo viral: tras el vuelco, la beba sali\u00f3 despedida del auto y la hallaron sin un rasgu\u00f1o a pura sonrisa.<\/p>\n\n\n\n<p>Al igual que su hija, el conductor del veh\u00edculo tambi\u00e9n termin\u00f3 afuera del veh\u00edculo tras el impacto pero su mujer qued\u00f3 atrapada en el habit\u00e1culo y los bomberos tuvieron que cortar el techo para poder rescatarla y trasladarla al hospital. Ambos sufrieron lesiones y heridas cortantes pero se encuentran fuera de peligro.<\/p>\n\n\n\n<p>La familia viajaba a bordo de un Renault Kwid que, por razones que a\u00fan se investigan, se despist\u00f3 y dio al menos dos tumbos hasta quedar en la banquina con el techo retorcido sobre el asfalto.<\/p>\n\n\n\n<p>\u201cSalimos como pudimos del auto con ayuda de gente que justo pasaba por el lugar y no encontr\u00e1bamos a la beb\u00e9\u201d, escribi\u00f3 Pablo Alejandro Antieco, el pap\u00e1 de la nena, en su Facebook. Y continu\u00f3 con su relato: \u201cLa encontramos a unos metros del auto, apoyada en el \u00fanico pedacito de c\u00e9sped, arropada con su manta de pandita, sin un solo rasgu\u00f1o y ri\u00e9ndose cuando nos vio. No tengo ninguna duda de que fue un milagro\u201d.<\/p>\n\n\n\n<p>Pablo est\u00e1 convencido de que el desenlace final no fue fatal porque su \u201cviejita\u201d actu\u00f3 como un \u00e1ngel de la guarda desde el cielo. \u201cNo tengo dudas de que mi viejita nos sigue cuidando desde arriba, hoy estamos bien los tres y con muchas ansias de empezar a vivir el primer d\u00eda del resto de nuestras vidas\u201d, poste\u00f3.<\/p>\n\n\n\n<p>Dai Rosales, su mujer, tambi\u00e9n utiliz\u00f3 esa misma red social para contarle a sus amigos y familiares que todos ya fueron dados de alta. \u201cEstamos bien, con lesiones peque\u00f1as. Chloe sin una marca\u201d, remarc\u00f3 para llevar tranquilidad a sus seguidores. \u201cA Chloe la encontraron a unos metros envuelta en su mantita y ri\u00e9ndose a carcajadas\u201d, detall\u00f3 a\u00fan asombrada por lo sucedido.<\/p>\n\n\n\n<p>Ella tambi\u00e9n cree que su abuela fallecida intercedi\u00f3 para que no le pasara nada y record\u00f3 a modo de an\u00e9cdota una charla que mantuvo con su beba: \u201cHace unas horas le charl\u00e9 a Chloe pregunt\u00e1ndole \u2018\u00bfa vos te salv\u00f3 tu abuelita Ana?\u2019 y ella no paraba de re\u00edr\u201d. Para Dai es \u201cinexplicable y dif\u00edcil de entender\u201d e insisti\u00f3 en que fue Ana quien protegi\u00f3 a Chloe en sus brazos para que nada le pasara.<\/p>\n\n\n\n<p>Los mensajes escritos por sus familiares tambi\u00e9n hicieron referencia Ana. \u201cSin dudas un \u00e1ngel muy especial la deposit\u00f3 sobre esa manta de c\u00e9sped para que no tuviera ning\u00fan rasgu\u00f1o!!!!\u201d, sostuvo Rub\u00e9n Antieco; mientras que Andrea Miranda -t\u00eda abuela de Chlo\u00e9- se\u00f1al\u00f3: \u201cMi hermanita la agarro en sus manos para que nada le pasara , es y sera siempre su angel de la guarda&nbsp; mi dulce Chloe\u201d.<\/p>\n\n\n\n<p>\u201cElla la abraz\u00f3 para que no le pase nada\u2026..ella estuvo ah\u00ed para los 3\u201d, escribi\u00f3 Eduardo Ferranti. Y Susana Comidoro remarc\u00f3: \u201cNo me cabe ninguna duda de que Anita siempre los estar\u00e1 cuidando!\u201d.<\/p>\n\n\n\n<p>Al momento del accidente Pablo y Dai iban a Trelew con la idea de arrancar de cero, por eso ahora lamentan de haberse quedado sin veh\u00edculo porque era su herramienta de trabajo. \u201cLo material va y viene, lo aprend\u00ed a los golpes. El emprendimiento que nos estaba dando de comer va a estar frenado por un tiempo y por eso les pido encarecidamente que si saben de alg\u00fan trabajo de lo que sea, me avisen, aprendo r\u00e1pido y si hay algo que nos sobra hoy son las ganas de salir de esta\u201d, concluy\u00f3 Pablo apelando a la solidaridad de sus seguidores para poder darle de comer a su familia.<\/p>\n\n\n\n<p><img loading=\"lazy\" decoding=\"async\" width=\"150\" height=\"156\" class=\"wp-image-27448\" style=\"width: 150px;\" src=\"https:\/\/portalmovil.com.ar\/wp-content\/uploads\/2021\/05\/5CWIQS2KTFCQLK6B7R5O2VJRSE.jpg\" alt=\"\" srcset=\"https:\/\/portalmovil.com.ar\/wp-content\/uploads\/2021\/05\/5CWIQS2KTFCQLK6B7R5O2VJRSE.jpg 396w, https:\/\/portalmovil.com.ar\/wp-content\/uploads\/2021\/05\/5CWIQS2KTFCQLK6B7R5O2VJRSE-288x300.jpg 288w\" sizes=\"auto, (max-width: 150px) 100vw, 150px\" \/><\/p>\n","protected":false},"excerpt":{"rendered":"<p>El brutal accidente de tr\u00e1nsito sufrido por una familia oriunda de Comodoro Rivadavia el mi\u00e9rcoles 12 mayo sobre la ruta 3, cuando se dirig\u00eda hacia Trelew, se transform\u00f3 en un inesperado milagro y la emotiva historia se hizo viral: tras el vuelco, la beba sali\u00f3 despedida del auto y la hallaron sin un rasgu\u00f1o a &hellip;<\/p>\n","protected":false},"author":2,"featured_media":27447,"comment_status":"open","ping_status":"open","sticky":false,"template":"","format":"standard","meta":{"_jetpack_memberships_contains_paid_content":false,"footnotes":"","jetpack_publicize_message":"","jetpack_publicize_feature_enabled":true,"jetpack_social_post_already_shared":true,"jetpack_social_options":{"image_generator_settings":{"template":"highway","default_image_id":0,"font":"","enabled":false},"version":2}},"categories":[28,34],"tags":[],"class_list":["post-27446","post","type-post","status-publish","format-standard","has-post-thumbnail","hentry","category-actualidad","category-nacional"],"jetpack_publicize_connections":[],"jetpack_featured_media_url":"https:\/\/portalmovil.com.ar\/wp-content\/uploads\/2021\/05\/tapa.jpg","jetpack_sharing_enabled":true,"amp_enabled":true,"_links":{"self":[{"href":"https:\/\/portalmovil.com.ar\/index.php\/wp-json\/wp\/v2\/posts\/27446","targetHints":{"allow":["GET"]}}],"collection":[{"href":"https:\/\/portalmovil.com.ar\/index.php\/wp-json\/wp\/v2\/posts"}],"about":[{"href":"https:\/\/portalmovil.com.ar\/index.php\/wp-json\/wp\/v2\/types\/post"}],"author":[{"embeddable":true,"href":"https:\/\/portalmovil.com.ar\/index.php\/wp-json\/wp\/v2\/users\/2"}],"replies":[{"embeddable":true,"href":"https:\/\/portalmovil.com.ar\/index.php\/wp-json\/wp\/v2\/comments?post=27446"}],"version-history":[{"count":1,"href":"https:\/\/portalmovil.com.ar\/index.php\/wp-json\/wp\/v2\/posts\/27446\/revisions"}],"predecessor-version":[{"id":27449,"href":"https:\/\/portalmovil.com.ar\/index.php\/wp-json\/wp\/v2\/posts\/27446\/revisions\/27449"}],"wp:featuredmedia":[{"embeddable":true,"href":"https:\/\/portalmovil.com.ar\/index.php\/wp-json\/wp\/v2\/media\/27447"}],"wp:attachment":[{"href":"https:\/\/portalmovil.com.ar\/index.php\/wp-json\/wp\/v2\/media?parent=27446"}],"wp:term":[{"taxonomy":"category","embeddable":true,"href":"https:\/\/portalmovil.com.ar\/index.php\/wp-json\/wp\/v2\/categories?post=27446"},{"taxonomy":"post_tag","embeddable":true,"href":"https:\/\/portalmovil.com.ar\/index.php\/wp-json\/wp\/v2\/tags?post=27446"}],"curies":[{"name":"wp","href":"https:\/\/api.w.org\/{rel}","templated":true}]}}