{"id":2736,"date":"2020-03-02T08:34:22","date_gmt":"2020-03-02T11:34:22","guid":{"rendered":"http:\/\/portalmovil.com.ar\/?p=2736"},"modified":"2020-03-02T08:46:20","modified_gmt":"2020-03-02T11:46:20","slug":"arranca-el-ciclo-lectivo-en-toda-la-provincia","status":"publish","type":"post","link":"https:\/\/portalmovil.com.ar\/index.php\/2020\/03\/02\/arranca-el-ciclo-lectivo-en-toda-la-provincia\/","title":{"rendered":"Arranca el ciclo lectivo en toda la provincia"},"content":{"rendered":"\n<p>Hoy lunes 2 de marzo, se inicia el ciclo lectivo en toda la provincia, luego de cumplir por lo solicitado por el sector docente y tras una serie de reuniones de trabajo con todos los gremios durante el fin de semana, las clases iniciaron finalmente este lunes 2 de marzo sin paros docentes en todo el territorio provincial. Se trata del primer inicio sin medidas de fuerza tras de 12 a\u00f1os de conflictos intermitentes.<\/p>\n\n\n\n<p>Tras el acuerdo alcanzado el viernes en la Comisi\u00f3n de Pol\u00edticas Salariales y Condiciones de Trabajo, el gobierno provincial lleg\u00f3 al consenso con todos los sectores gremiales y se comprometi\u00f3 a sostener el di\u00e1logo para dar continuidad a los reclamos y negociaciones salariales que permitan a los trabajadores docentes una recuperaci\u00f3n paulatina de sus salarios.<\/p>\n\n\n\n<p>Es as\u00ed que el gobernador Jorge Capitanich inaugurar\u00e1 el inicio de clases a las 9 de la ma\u00f1ana desde la escuela N\u00b0 976 de la localidad de El Espinillo, en la regi\u00f3n de El Impenetrable, luego de cumplir con los compromisos exigidos por los distintos sectores docentes en las sucesivas reuniones de negociaci\u00f3n que se mantuvieron desde el 13 de diciembre.<ins><\/ins><\/p>\n\n\n\n<p>Con el sueldo de abril el gobierno abonar\u00e1 la cl\u00e1usula gatillo del primer trimestre del 2020, y por planilla complementaria el 16 de marzo se pagar\u00e1 lo correspondiente al porcentaje de febrero. El 26 de febrero abon\u00f3 un incremento cercano al 15%, entre la aplicaci\u00f3n de la cl\u00e1usula gatillo del \u00faltimo trimestre del 2019 m\u00e1s 150 puntos del estado docente, y la ayuda escolar que se termin\u00f3 de cumplimentar este viernes.<\/p>\n\n\n\n<p>Las y los docentes chaque\u00f1os contar\u00e1n adem\u00e1s con los aumentos pautados por el Gobierno nacional en la paritaria, que garantizan un m\u00ednimo de 23 mil pesos para marzo y 25 mil para julio.<\/p>\n\n\n\n<p>Adem\u00e1s se defini\u00f3 como pr\u00f3xima fecha de encuentro el 26 de marzo, con el objetivo de establecer acuerdos para una progresiva recuperaci\u00f3n salarial y fuentes alternativas de financiamiento.<\/p>\n","protected":false},"excerpt":{"rendered":"<p>Hoy lunes 2 de marzo, se inicia el ciclo lectivo en toda la provincia, luego de cumplir por lo solicitado por el sector docente y tras una serie de reuniones de trabajo con todos los gremios durante el fin de semana, las clases iniciaron finalmente este lunes 2 de marzo sin paros docentes en todo &hellip;<\/p>\n","protected":false},"author":2,"featured_media":2743,"comment_status":"open","ping_status":"open","sticky":false,"template":"","format":"standard","meta":{"_jetpack_memberships_contains_paid_content":false,"footnotes":"","jetpack_publicize_message":"","jetpack_publicize_feature_enabled":true,"jetpack_social_post_already_shared":true,"jetpack_social_options":{"image_generator_settings":{"template":"highway","default_image_id":0,"font":"","enabled":false},"version":2}},"categories":[5],"tags":[162,307,67],"class_list":["post-2736","post","type-post","status-publish","format-standard","has-post-thumbnail","hentry","category-chaco","tag-clases","tag-colegios","tag-educacion"],"jetpack_publicize_connections":[],"jetpack_featured_media_url":"https:\/\/portalmovil.com.ar\/wp-content\/uploads\/2020\/03\/portisddsd.jpg","jetpack_sharing_enabled":true,"amp_enabled":true,"_links":{"self":[{"href":"https:\/\/portalmovil.com.ar\/index.php\/wp-json\/wp\/v2\/posts\/2736","targetHints":{"allow":["GET"]}}],"collection":[{"href":"https:\/\/portalmovil.com.ar\/index.php\/wp-json\/wp\/v2\/posts"}],"about":[{"href":"https:\/\/portalmovil.com.ar\/index.php\/wp-json\/wp\/v2\/types\/post"}],"author":[{"embeddable":true,"href":"https:\/\/portalmovil.com.ar\/index.php\/wp-json\/wp\/v2\/users\/2"}],"replies":[{"embeddable":true,"href":"https:\/\/portalmovil.com.ar\/index.php\/wp-json\/wp\/v2\/comments?post=2736"}],"version-history":[{"count":3,"href":"https:\/\/portalmovil.com.ar\/index.php\/wp-json\/wp\/v2\/posts\/2736\/revisions"}],"predecessor-version":[{"id":2742,"href":"https:\/\/portalmovil.com.ar\/index.php\/wp-json\/wp\/v2\/posts\/2736\/revisions\/2742"}],"wp:featuredmedia":[{"embeddable":true,"href":"https:\/\/portalmovil.com.ar\/index.php\/wp-json\/wp\/v2\/media\/2743"}],"wp:attachment":[{"href":"https:\/\/portalmovil.com.ar\/index.php\/wp-json\/wp\/v2\/media?parent=2736"}],"wp:term":[{"taxonomy":"category","embeddable":true,"href":"https:\/\/portalmovil.com.ar\/index.php\/wp-json\/wp\/v2\/categories?post=2736"},{"taxonomy":"post_tag","embeddable":true,"href":"https:\/\/portalmovil.com.ar\/index.php\/wp-json\/wp\/v2\/tags?post=2736"}],"curies":[{"name":"wp","href":"https:\/\/api.w.org\/{rel}","templated":true}]}}