{"id":27287,"date":"2021-05-15T19:17:53","date_gmt":"2021-05-15T22:17:53","guid":{"rendered":"https:\/\/portalmovil.com.ar\/?p=27287"},"modified":"2021-05-15T19:17:56","modified_gmt":"2021-05-15T22:17:56","slug":"se-reactivaron-obras-de-pavimento-de-la-avenida-juan-manuel-de-rosas","status":"publish","type":"post","link":"https:\/\/portalmovil.com.ar\/index.php\/2021\/05\/15\/se-reactivaron-obras-de-pavimento-de-la-avenida-juan-manuel-de-rosas\/","title":{"rendered":"Se reactivaron obras de pavimento de la avenida Juan Manuel de Rosas"},"content":{"rendered":"\n<p>La obra se hab\u00eda paralizado hacia fines del 2015 ante la falta de financiamiento del anterior gobierno nacional. El a\u00f1o pasado volvi\u00f3 a licitarse y recientemente se retomaron los trabajos para interconectar las autov\u00edas 11 y 16 en la zona norte de Resistencia. La semana entrante se har\u00e1 lo propio en avenida Juana Azurduy.<\/p>\n\n\n\n<p>El gobernador Jorge Capitanich y la vicegobernadora Anal\u00eda Rach Quiroga, junto al ministro de Planificaci\u00f3n, Econom\u00eda e Infraestructura, Santiago Perez Pons, supervisaron este s\u00e1bado la pavimentaci\u00f3n de la avenida Juan Manuel de Rosas en Resistencia, que permitir\u00e1 unir las autov\u00edas de las rutas 16 y 11, constituyendo en la zona norte uno de los corredores viales m\u00e1s importantes de la ciudad.<\/p>\n\n\n\n<p>La obra, que tiene financiamiento de Vialidad Nacional, incluye adem\u00e1s la construcci\u00f3n de desag\u00fces pluviales, iluminaci\u00f3n y se\u00f1alizaci\u00f3n. \u201cEsperamos avanzar lo m\u00e1s r\u00e1pido posible con el objeto de resolver una demanda muy sentida por la zona norte de la ciudad\u201d, dijo el gobernador y destac\u00f3 que en la obra hay m\u00e1s de 50 trabajadores en actividad.<\/p>\n\n\n\n<p>El titular de Vialidad Provincial, Hugo Varela, que tambi\u00e9n acompa\u00f1\u00f3 al gobernador en la recorrida, record\u00f3 que la obra hab\u00eda quedado paralizada hacia fines del 2015 ante la falta de financiamiento del gobierno de Mauricio Macri, pero el a\u00f1o pasado se volvi\u00f3 a licitar y ahora se logr\u00f3 reactivarla.<\/p>\n\n\n\n<p>En la avenida hab\u00eda quedado pendiente un conducto de desag\u00fce troncal en el \u00e1rea de influencia, que ahora se empez\u00f3 a completar para evitar problemas de anegamientos en la zona.<\/p>\n\n\n\n<p>Anticip\u00f3 adem\u00e1s que la semana que viene se retoman los trabajos para la pavimentaci\u00f3n de avenida Juana Azurduy, desde Rosas hacia ruta nacional 11. \u201cEs una obra integral, con pavimento, desag\u00fces pluviales troncales e iluminaci\u00f3n que va a beneficiar a numerosos barrios de la zona norte\u201d, sostuvo.<\/p>\n\n\n\n<p>La obra mejorar\u00e1 sustancialmente las condiciones de transitabilidad, seguridad y comodidad de desplazamiento para veh\u00edculos en la actual avenida Juana Azurduy, entre Autov\u00eda Ruta Nacional N\u00b0 11 y Avenida Juan Manuel de Rosas, y sobre la Avenida Juan Manuel de Rosas, entre Avenida Juana Azurduy y Autov\u00eda Ruta Nacional N\u00b016, de Resistencia. Se terminar\u00e1n los trabajos iniciados en ambas arterias, donde hab\u00edan quedado calles semi-pavimentadas, con media calzada o solamente con una calzada de pavimento y desag\u00fces sin concluir.<\/p>\n\n\n\n<p>Para el tramo a intervenir, el mejoramiento consiste en que la actual calle de tierra pase a tener dos calzadas pavimentadas, separadas por un cantero central. Tambi\u00e9n se incluyen desag\u00fces secundarios que aseguran el correcto escurrimiento del agua hacia los receptores previstos, y una adecuada iluminaci\u00f3n y se\u00f1alizaci\u00f3n horizontal y vertical, m\u00e1s las correspondientes rampas para personas con discapacidad.<\/p>\n","protected":false},"excerpt":{"rendered":"<p>La obra se hab\u00eda paralizado hacia fines del 2015 ante la falta de financiamiento del anterior gobierno nacional. El a\u00f1o pasado volvi\u00f3 a licitarse y recientemente se retomaron los trabajos para interconectar las autov\u00edas 11 y 16 en la zona norte de Resistencia. La semana entrante se har\u00e1 lo propio en avenida Juana Azurduy. El &hellip;<\/p>\n","protected":false},"author":2,"featured_media":27288,"comment_status":"open","ping_status":"open","sticky":false,"template":"","format":"standard","meta":{"_jetpack_memberships_contains_paid_content":false,"footnotes":"","jetpack_publicize_message":"","jetpack_publicize_feature_enabled":true,"jetpack_social_post_already_shared":true,"jetpack_social_options":{"image_generator_settings":{"template":"highway","default_image_id":0,"font":"","enabled":false},"version":2}},"categories":[5,14],"tags":[],"class_list":["post-27287","post","type-post","status-publish","format-standard","has-post-thumbnail","hentry","category-chaco","category-politica"],"jetpack_publicize_connections":[],"jetpack_featured_media_url":"https:\/\/portalmovil.com.ar\/wp-content\/uploads\/2021\/05\/20210515_191702.jpg","jetpack_sharing_enabled":true,"amp_enabled":true,"_links":{"self":[{"href":"https:\/\/portalmovil.com.ar\/index.php\/wp-json\/wp\/v2\/posts\/27287","targetHints":{"allow":["GET"]}}],"collection":[{"href":"https:\/\/portalmovil.com.ar\/index.php\/wp-json\/wp\/v2\/posts"}],"about":[{"href":"https:\/\/portalmovil.com.ar\/index.php\/wp-json\/wp\/v2\/types\/post"}],"author":[{"embeddable":true,"href":"https:\/\/portalmovil.com.ar\/index.php\/wp-json\/wp\/v2\/users\/2"}],"replies":[{"embeddable":true,"href":"https:\/\/portalmovil.com.ar\/index.php\/wp-json\/wp\/v2\/comments?post=27287"}],"version-history":[{"count":1,"href":"https:\/\/portalmovil.com.ar\/index.php\/wp-json\/wp\/v2\/posts\/27287\/revisions"}],"predecessor-version":[{"id":27289,"href":"https:\/\/portalmovil.com.ar\/index.php\/wp-json\/wp\/v2\/posts\/27287\/revisions\/27289"}],"wp:featuredmedia":[{"embeddable":true,"href":"https:\/\/portalmovil.com.ar\/index.php\/wp-json\/wp\/v2\/media\/27288"}],"wp:attachment":[{"href":"https:\/\/portalmovil.com.ar\/index.php\/wp-json\/wp\/v2\/media?parent=27287"}],"wp:term":[{"taxonomy":"category","embeddable":true,"href":"https:\/\/portalmovil.com.ar\/index.php\/wp-json\/wp\/v2\/categories?post=27287"},{"taxonomy":"post_tag","embeddable":true,"href":"https:\/\/portalmovil.com.ar\/index.php\/wp-json\/wp\/v2\/tags?post=27287"}],"curies":[{"name":"wp","href":"https:\/\/api.w.org\/{rel}","templated":true}]}}