{"id":27244,"date":"2021-05-15T09:10:55","date_gmt":"2021-05-15T12:10:55","guid":{"rendered":"https:\/\/portalmovil.com.ar\/?p=27244"},"modified":"2021-05-15T09:13:02","modified_gmt":"2021-05-15T12:13:02","slug":"vuelven-a-aumentar-los-combustibles-y-no-seria-la-ultima-variacion-del-ano","status":"publish","type":"post","link":"https:\/\/portalmovil.com.ar\/index.php\/2021\/05\/15\/vuelven-a-aumentar-los-combustibles-y-no-seria-la-ultima-variacion-del-ano\/","title":{"rendered":"Vuelven a aumentar los combustibles y no ser\u00eda la \u00faltima variaci\u00f3n del a\u00f1o"},"content":{"rendered":"\n<p>Desde YPF ratificaron la inminente actualizaci\u00f3n de los precios, la \u00faltima de los tres tramos anunciados en marzo. Aun as\u00ed, los valores no se mantendr\u00edan hasta fin de a\u00f1o.<\/p>\n\n\n\n<p>Este fin de semana se escribir\u00eda la tercera parte de la cr\u00f3nica de un aumento anunciado, con la confirmaci\u00f3n del presidente de YPF, Pablo Gonz\u00e1les, de la inminente concreci\u00f3n del \u00faltimo tramo del aumento en tres veces, por un total del 15%, informado en marzo.<\/p>\n\n\n\n<p>Desde la C\u00e1mara de Expendedores de Combustibles y Afines del Chaco (Cecach) advirtieron que \u201cno hay certezas\u201d en cuanto a la fecha exacta de la modificaci\u00f3n de las pizarras, pero hay indicios de que esto ocurrir\u00eda a partir de las 0 de hoy.<\/p>\n\n\n\n<p>El presidente de la entidad, Oscar Gaona, le dijo a NORTE que \u2018est\u00e1 confirmado que va a haber un aumento, que forma parte de una planificaci\u00f3n que hab\u00eda hecho YPF en marzo, donde se iban a aplicar incrementos de un 15% m\u00e1s impuestos hasta el mes de mayo\u2018.<\/p>\n\n\n\n<p>En este sentido record\u00f3 que \u201cen las \u00faltimas horas, el presidente de la petrolera lo vuelve a ratificar, pero a\u00fan no hay certezas de cu\u00e1ndo se aplicar\u00e1 este aumento y si las dem\u00e1s compa\u00f1\u00edas har\u00edan lo propio ese mismo d\u00eda o con alguna diferencia, como est\u00e1bamos acostumbrados\u201d.<\/p>\n\n\n\n<p>Gaona estim\u00f3 adem\u00e1s que la actualizaci\u00f3n del precio de los combustibles en esta oportunidad se ubicar\u00eda \u201centre el 5 y el 8 por ciento\u201d, para cerrar el tercer tramo de los aumentos anunciados oportunamente por YPF.<\/p>\n\n\n\n<p><strong>LAS CAUSAS<\/strong><\/p>\n\n\n\n<p>Entre las razones, los referentes del sector explican que desde noviembre del a\u00f1o pasado hasta ahora, el aumento de los combustibles alcanz\u00f3 el 37%, un porcentaje alt\u00edsimo para un semestre, sin embargo hay que tener en cuenta que el barril de crudo tuvo, en el mismo per\u00edodo, un incremento del precio del 60%.<\/p>\n\n\n\n<p>\u2018Hemos pasado de valores en torno a los 43 d\u00f3lares a los 67 de la actualidad, a lo que hay que sumarle la devaluaci\u00f3n del d\u00f3lar en el mercado local del orden del 4% mensual\u2018, explic\u00f3 Gaona y a\u00f1adi\u00f3: \u2018la sumatoria de estos dos conceptos est\u00e1 dando un aumento en pesos del 60% mientras que el precio de los combustibles subi\u00f3 un 37%\u2018.<\/p>\n\n\n\n<p><strong>PROYECCIONES<\/strong><\/p>\n\n\n\n<p>Si bien el propio presidente de la petrolera de bandera adelant\u00f3 que el pr\u00f3ximo ser\u00e1 el \u00faltimo incremento del a\u00f1o, para Gaona es m\u00e1s realista pensar en precios sin modificaciones hasta las pr\u00f3ximas elecciones.<\/p>\n\n\n\n<p>\u2018Hay coincidencia en las versiones que aseguran que el Gobierno no permitir\u00eda nuevos incrementos antes de las elecciones por el costo pol\u00edtico que esto acarrea; ya nos ha pasado en elecciones anteriores con movimientos de los precios posteriores a los comicios despu\u00e9s de haber sido postergados durante algunos meses\u2018, asegur\u00f3.<\/p>\n\n\n\n<p><strong>VENTAS BAJAS<\/strong><\/p>\n\n\n\n<p>El escenario no solo no es auspicioso para los consumidores sino tampoco para la estaciones de servicio. De hecho, las ventas siguen siendo pobres desde hace al menos un semestre, \u2018m\u00e1s all\u00e1 del efecto que pudo haber tenido el sobrepaso de las tres cifras, en nuestra regi\u00f3n los vol\u00famenes siguen siendo menores a la prepandemia\u2018.<\/p>\n\n\n\n<p>\u201cSi bien este a\u00f1o en enero y febrero tuvimos algunos datos alentadores, en marzo y abril tuvimos bajas por lo que seguimos en un 20% por debajo\u201d.<\/p>\n\n\n\n<p>FUENTE: <a href=\"https:\/\/www.diarionorte.com\/205094-vuelven-a-aumentar-los-combustibles-y-no-seria-la-ultima-variacion-del-ano\">DiarioNorte.com<\/a><\/p>\n","protected":false},"excerpt":{"rendered":"<p>Desde YPF ratificaron la inminente actualizaci\u00f3n de los precios, la \u00faltima de los tres tramos anunciados en marzo. Aun as\u00ed, los valores no se mantendr\u00edan hasta fin de a\u00f1o.<\/p>\n","protected":false},"author":1,"featured_media":11444,"comment_status":"open","ping_status":"open","sticky":false,"template":"","format":"standard","meta":{"_jetpack_memberships_contains_paid_content":false,"footnotes":"","jetpack_publicize_message":"","jetpack_publicize_feature_enabled":true,"jetpack_social_post_already_shared":true,"jetpack_social_options":{"image_generator_settings":{"template":"highway","default_image_id":0,"font":"","enabled":false},"version":2}},"categories":[639,175],"tags":[],"class_list":["post-27244","post","type-post","status-publish","format-standard","has-post-thumbnail","hentry","category-argentina","category-economia"],"jetpack_publicize_connections":[],"jetpack_featured_media_url":"https:\/\/portalmovil.com.ar\/wp-content\/uploads\/2020\/08\/foto1-7.jpg","jetpack_sharing_enabled":true,"amp_enabled":true,"_links":{"self":[{"href":"https:\/\/portalmovil.com.ar\/index.php\/wp-json\/wp\/v2\/posts\/27244","targetHints":{"allow":["GET"]}}],"collection":[{"href":"https:\/\/portalmovil.com.ar\/index.php\/wp-json\/wp\/v2\/posts"}],"about":[{"href":"https:\/\/portalmovil.com.ar\/index.php\/wp-json\/wp\/v2\/types\/post"}],"author":[{"embeddable":true,"href":"https:\/\/portalmovil.com.ar\/index.php\/wp-json\/wp\/v2\/users\/1"}],"replies":[{"embeddable":true,"href":"https:\/\/portalmovil.com.ar\/index.php\/wp-json\/wp\/v2\/comments?post=27244"}],"version-history":[{"count":2,"href":"https:\/\/portalmovil.com.ar\/index.php\/wp-json\/wp\/v2\/posts\/27244\/revisions"}],"predecessor-version":[{"id":27246,"href":"https:\/\/portalmovil.com.ar\/index.php\/wp-json\/wp\/v2\/posts\/27244\/revisions\/27246"}],"wp:featuredmedia":[{"embeddable":true,"href":"https:\/\/portalmovil.com.ar\/index.php\/wp-json\/wp\/v2\/media\/11444"}],"wp:attachment":[{"href":"https:\/\/portalmovil.com.ar\/index.php\/wp-json\/wp\/v2\/media?parent=27244"}],"wp:term":[{"taxonomy":"category","embeddable":true,"href":"https:\/\/portalmovil.com.ar\/index.php\/wp-json\/wp\/v2\/categories?post=27244"},{"taxonomy":"post_tag","embeddable":true,"href":"https:\/\/portalmovil.com.ar\/index.php\/wp-json\/wp\/v2\/tags?post=27244"}],"curies":[{"name":"wp","href":"https:\/\/api.w.org\/{rel}","templated":true}]}}