{"id":2704,"date":"2020-03-01T16:07:32","date_gmt":"2020-03-01T19:07:32","guid":{"rendered":"http:\/\/portalmovil.com.ar\/?p=2704"},"modified":"2020-03-01T16:07:39","modified_gmt":"2020-03-01T19:07:39","slug":"el-papa-volvio-a-suspender-su-agenda-por-un-resfrio","status":"publish","type":"post","link":"https:\/\/portalmovil.com.ar\/index.php\/2020\/03\/01\/el-papa-volvio-a-suspender-su-agenda-por-un-resfrio\/","title":{"rendered":"El Papa volvi\u00f3 a suspender su agenda por un resfr\u00edo"},"content":{"rendered":"\n<p>El<strong>&nbsp;papa Francisco<\/strong>&nbsp;contin\u00faa con un \u00ableve resfr\u00edo\u00bb que lo oblig\u00f3 a suspender su participaci\u00f3n en un retiro espiritual de una semana que deb\u00eda empezar este domingo con la Curia romana, aunque realiz\u00f3 su primera aparici\u00f3n p\u00fablica en el tradicional \u00c1ngelus dominical desde la Plaza San Pedro, en el Vaticano.<\/p>\n\n\n\n<p>\u00abLamentablemente el resfr\u00edo me obliga a no participar este a\u00f1o. Seguir\u00e9 desde aqu\u00ed las meditaciones\u00bb,&nbsp;anunci\u00f3 Jorge Bergoglio ante sus fieles hoy por la ma\u00f1ana .<\/p>\n\n\n\n<p>Se trata de la primera vez desde 1950 que un Papa no concurre al encuentro anual instaurado por P\u00edo XI en la Enc\u00edclica&nbsp;<strong>\u00abMens nostra\u00bb<\/strong>&nbsp;de 1929.<\/p>\n\n\n\n<p>El sumo pont\u00edfice confirm\u00f3 que contin\u00faa con el resfr\u00edo que durante tres d\u00edas lo oblig\u00f3 a cancelar sus audiencias grupales y en los que solo mantuvo los encuentros individuales agendados.<\/p>\n\n\n\n<p>En medio de la psicosis por el&nbsp;<strong>coronavirus<\/strong>, el jueves pasado los voceros del Vaticano informaron por primera vez que el Papa estaba resfriado y que por ese motivo se ver\u00eda obligado a suspender algunas actividades.<\/p>\n\n\n\n<p>Desde entonces, Francisco prefiri\u00f3 quedarse dentro del Vaticano y mantener solo las audiencias en su residencia de Casa Santa Marta, adem\u00e1s de algunas misas matutinas.<\/p>\n\n\n\n<p>Durante la tarde del domingo, el Papa y unos 50 colaboradores de la curia romana deb\u00edan partir hacia la&nbsp;<strong>Casa Divin Maestro<\/strong>&nbsp;de la localidad de Ariccia, a unos 30 kil\u00f3metros de Roma, para su semana de ejercicios espirituales.<\/p>\n\n\n\n<p>Ante la ausencia de Francisco, el padre jesuita Pietro Bovati, secretario de la Pontificia Comisi\u00f3n B\u00edblica, lo reemplazar\u00e1 y guiar\u00e1 las meditaciones para el resto de la Curia, seg\u00fan inform\u00f3 el Vaticano.<\/p>\n","protected":false},"excerpt":{"rendered":"<p>El&nbsp;papa Francisco&nbsp;contin\u00faa con un \u00ableve resfr\u00edo\u00bb que lo oblig\u00f3 a suspender su participaci\u00f3n en un retiro espiritual de una semana que deb\u00eda empezar este domingo con la Curia romana, aunque realiz\u00f3 su primera aparici\u00f3n p\u00fablica en el tradicional \u00c1ngelus dominical desde la Plaza San Pedro, en el Vaticano. \u00abLamentablemente el resfr\u00edo me obliga a no &hellip;<\/p>\n","protected":false},"author":2,"featured_media":2705,"comment_status":"open","ping_status":"open","sticky":false,"template":"","format":"standard","meta":{"_jetpack_memberships_contains_paid_content":false,"footnotes":"","jetpack_publicize_message":"","jetpack_publicize_feature_enabled":true,"jetpack_social_post_already_shared":true,"jetpack_social_options":{"image_generator_settings":{"template":"highway","default_image_id":0,"font":"","enabled":false},"version":2}},"categories":[17,46],"tags":[252,296],"class_list":["post-2704","post","type-post","status-publish","format-standard","has-post-thumbnail","hentry","category-mundo","category-salud","tag-papa","tag-vaticano"],"jetpack_publicize_connections":[],"jetpack_featured_media_url":"https:\/\/portalmovil.com.ar\/wp-content\/uploads\/2020\/03\/89030931_2629257883984696_4953277231473360896_n.jpg","jetpack_sharing_enabled":true,"amp_enabled":true,"_links":{"self":[{"href":"https:\/\/portalmovil.com.ar\/index.php\/wp-json\/wp\/v2\/posts\/2704","targetHints":{"allow":["GET"]}}],"collection":[{"href":"https:\/\/portalmovil.com.ar\/index.php\/wp-json\/wp\/v2\/posts"}],"about":[{"href":"https:\/\/portalmovil.com.ar\/index.php\/wp-json\/wp\/v2\/types\/post"}],"author":[{"embeddable":true,"href":"https:\/\/portalmovil.com.ar\/index.php\/wp-json\/wp\/v2\/users\/2"}],"replies":[{"embeddable":true,"href":"https:\/\/portalmovil.com.ar\/index.php\/wp-json\/wp\/v2\/comments?post=2704"}],"version-history":[{"count":1,"href":"https:\/\/portalmovil.com.ar\/index.php\/wp-json\/wp\/v2\/posts\/2704\/revisions"}],"predecessor-version":[{"id":2706,"href":"https:\/\/portalmovil.com.ar\/index.php\/wp-json\/wp\/v2\/posts\/2704\/revisions\/2706"}],"wp:featuredmedia":[{"embeddable":true,"href":"https:\/\/portalmovil.com.ar\/index.php\/wp-json\/wp\/v2\/media\/2705"}],"wp:attachment":[{"href":"https:\/\/portalmovil.com.ar\/index.php\/wp-json\/wp\/v2\/media?parent=2704"}],"wp:term":[{"taxonomy":"category","embeddable":true,"href":"https:\/\/portalmovil.com.ar\/index.php\/wp-json\/wp\/v2\/categories?post=2704"},{"taxonomy":"post_tag","embeddable":true,"href":"https:\/\/portalmovil.com.ar\/index.php\/wp-json\/wp\/v2\/tags?post=2704"}],"curies":[{"name":"wp","href":"https:\/\/api.w.org\/{rel}","templated":true}]}}