{"id":26757,"date":"2021-05-10T15:49:46","date_gmt":"2021-05-10T18:49:46","guid":{"rendered":"https:\/\/portalmovil.com.ar\/?p=26757"},"modified":"2021-05-10T15:49:50","modified_gmt":"2021-05-10T18:49:50","slug":"alberto-fernandez-llego-a-madrid-para-continuar-su-gira-europea","status":"publish","type":"post","link":"https:\/\/portalmovil.com.ar\/index.php\/2021\/05\/10\/alberto-fernandez-llego-a-madrid-para-continuar-su-gira-europea\/","title":{"rendered":"Alberto Fern\u00e1ndez lleg\u00f3 a Madrid para continuar su gira europea"},"content":{"rendered":"\n<p>El\u00a0presidente\u00a0Alberto Fern\u00e1ndez\u00a0arrib\u00f3 esta tarde a Madrid, procedente de Lisboa, para continuar con su gira europea, que incluye adem\u00e1s visitas a Par\u00eds, Ciudad del Vaticano y Roma.<br><br>El vuelo AR 1090 de Aerol\u00edneas Argentinas lleg\u00f3 a las 18.32 hora local (13.32 de la Argentina)\u00a0al aeropuerto Adolfo Su\u00e1rez Madrid-Barajas de la capital espa\u00f1ola.<\/p>\n\n\n\n<p>La comitiva est\u00e1 conformada por la primera dama, Fabiola Ya\u00f1ez; el canciller Felipe Sol\u00e1; el ministro de Econom\u00eda, Mart\u00edn Guzm\u00e1n; el secretario General de la Presidencia, Julio Vitobello; el secretario de Asuntos Estrat\u00e9gicos, Gustavo Beliz; el secretario de Culto, Guillermo Oliveri; y el secretario de Comunicaci\u00f3n y Prensa, Juan Pablo Biondi.<\/p>\n\n\n\n<p>La agenda del Presidente en Madrid comenzar\u00e1 este martes en el Palacio de la Zarzuela, donde ir\u00e1 acompa\u00f1ado por su comitiva. En el Palacio, el jefe de Estado argentino mantendr\u00e1 un encuentro con el rey Felipe VI, seg\u00fan se inform\u00f3.<\/p>\n\n\n\n<p>Luego, Alberto Fern\u00e1ndez mantendr\u00e1 una reuni\u00f3n de trabajo en el Palacio de la Moncloa con su par espa\u00f1ol, Pedro S\u00e1nchez, quien le ofrecer\u00e1 un almuerzo en honor a toda la comitiva.<\/p>\n\n\n\n<p>M\u00e1s tarde, a las 16 local (11 de la Argentina) la delegaci\u00f3n partir\u00e1 en un vuelo con destino a Par\u00eds.<\/p>\n","protected":false},"excerpt":{"rendered":"<p>El\u00a0presidente\u00a0Alberto Fern\u00e1ndez\u00a0arrib\u00f3 esta tarde a Madrid, procedente de Lisboa, para continuar con su gira europea, que incluye adem\u00e1s visitas a Par\u00eds, Ciudad del Vaticano y Roma.El vuelo AR 1090 de Aerol\u00edneas Argentinas lleg\u00f3 a las 18.32 hora local (13.32 de la Argentina)\u00a0al aeropuerto Adolfo Su\u00e1rez Madrid-Barajas de la capital espa\u00f1ola. La comitiva est\u00e1 conformada por &hellip;<\/p>\n","protected":false},"author":2,"featured_media":26758,"comment_status":"open","ping_status":"open","sticky":false,"template":"","format":"standard","meta":{"_jetpack_memberships_contains_paid_content":false,"footnotes":"","jetpack_publicize_message":"","jetpack_publicize_feature_enabled":true,"jetpack_social_post_already_shared":true,"jetpack_social_options":{"image_generator_settings":{"template":"highway","default_image_id":0,"font":"","enabled":false},"version":2}},"categories":[28],"tags":[],"class_list":["post-26757","post","type-post","status-publish","format-standard","has-post-thumbnail","hentry","category-actualidad"],"jetpack_publicize_connections":[],"jetpack_featured_media_url":"https:\/\/portalmovil.com.ar\/wp-content\/uploads\/2021\/05\/bf7e66a3-2514-4c4e-bf05-8502573544e3.jpg","jetpack_sharing_enabled":true,"amp_enabled":true,"_links":{"self":[{"href":"https:\/\/portalmovil.com.ar\/index.php\/wp-json\/wp\/v2\/posts\/26757","targetHints":{"allow":["GET"]}}],"collection":[{"href":"https:\/\/portalmovil.com.ar\/index.php\/wp-json\/wp\/v2\/posts"}],"about":[{"href":"https:\/\/portalmovil.com.ar\/index.php\/wp-json\/wp\/v2\/types\/post"}],"author":[{"embeddable":true,"href":"https:\/\/portalmovil.com.ar\/index.php\/wp-json\/wp\/v2\/users\/2"}],"replies":[{"embeddable":true,"href":"https:\/\/portalmovil.com.ar\/index.php\/wp-json\/wp\/v2\/comments?post=26757"}],"version-history":[{"count":1,"href":"https:\/\/portalmovil.com.ar\/index.php\/wp-json\/wp\/v2\/posts\/26757\/revisions"}],"predecessor-version":[{"id":26759,"href":"https:\/\/portalmovil.com.ar\/index.php\/wp-json\/wp\/v2\/posts\/26757\/revisions\/26759"}],"wp:featuredmedia":[{"embeddable":true,"href":"https:\/\/portalmovil.com.ar\/index.php\/wp-json\/wp\/v2\/media\/26758"}],"wp:attachment":[{"href":"https:\/\/portalmovil.com.ar\/index.php\/wp-json\/wp\/v2\/media?parent=26757"}],"wp:term":[{"taxonomy":"category","embeddable":true,"href":"https:\/\/portalmovil.com.ar\/index.php\/wp-json\/wp\/v2\/categories?post=26757"},{"taxonomy":"post_tag","embeddable":true,"href":"https:\/\/portalmovil.com.ar\/index.php\/wp-json\/wp\/v2\/tags?post=26757"}],"curies":[{"name":"wp","href":"https:\/\/api.w.org\/{rel}","templated":true}]}}