{"id":26754,"date":"2021-05-10T15:42:54","date_gmt":"2021-05-10T18:42:54","guid":{"rendered":"https:\/\/portalmovil.com.ar\/?p=26754"},"modified":"2021-05-10T15:42:57","modified_gmt":"2021-05-10T18:42:57","slug":"la-provincia-busca-regularizar-titulos-de-propiedad-y-la-instalacion-de-antenas-para-telefonia-celular","status":"publish","type":"post","link":"https:\/\/portalmovil.com.ar\/index.php\/2021\/05\/10\/la-provincia-busca-regularizar-titulos-de-propiedad-y-la-instalacion-de-antenas-para-telefonia-celular\/","title":{"rendered":"La Provincia busca regularizar t\u00edtulos de propiedad y la instalaci\u00f3n de antenas para telefon\u00eda celular"},"content":{"rendered":"\n<p>El gobernador Jorge Capitanich se reuni\u00f3 de manera virtual con el Consejo provincial de Agricultura Familiar y Econom\u00eda Popular. En la oportunidad, trabajaron en las metas y propuestas para fortalecer el desarrollo de los modelos productivos y mejorar la log\u00edstica en centros de almacenamiento y comercializaci\u00f3n. \u201cEl trabajo coordinado con los integrantes del Consejo es fundamental para garantizar asistencia y soluciones a los productores en cuanto a productividad y fomentar el arraigo a la tierra\u201d, destac\u00f3 el mandatario provincial a trav\u00e9s de sus redes sociales.<\/p>\n\n\n\n<p>As\u00ed, entre los temas abordados m\u00e1s importantes destac\u00f3 la regularizaci\u00f3n de t\u00edtulos de propiedad de la tierra, incrementar el n\u00famero de conexiones de electrificaci\u00f3n rural y de viviendas rurales y la posibilidad de instalar 100 antenas para mejorar la telefon\u00eda celular en la zona rural de la provincia.<\/p>\n\n\n\n<p>\u201cAbordamos la necesidad de regularizar t\u00edtulos de propiedad de la tierra, actualmente 2.436 productores no poseen t\u00edtulo. A su vez, incrementar el n\u00famero de conexiones de electrificaci\u00f3n rural y de viviendas rurales. Solicitamos al Ente Nacional de Comunicaciones (@ENACOMArgentina ) la instalaci\u00f3n de 100 antenas, necesarias para mejorar problemas de conectividad de telefon\u00eda celular en las 10 regiones de la provincia\u201d, concluy\u00f3 Capitanich.<\/p>\n","protected":false},"excerpt":{"rendered":"<p>El gobernador Jorge Capitanich se reuni\u00f3 de manera virtual con el Consejo provincial de Agricultura Familiar y Econom\u00eda Popular. En la oportunidad, trabajaron en las metas y propuestas para fortalecer el desarrollo de los modelos productivos y mejorar la log\u00edstica en centros de almacenamiento y comercializaci\u00f3n. \u201cEl trabajo coordinado con los integrantes del Consejo es &hellip;<\/p>\n","protected":false},"author":2,"featured_media":26755,"comment_status":"open","ping_status":"open","sticky":false,"template":"","format":"standard","meta":{"_jetpack_memberships_contains_paid_content":false,"footnotes":"","jetpack_publicize_message":"","jetpack_publicize_feature_enabled":true,"jetpack_social_post_already_shared":true,"jetpack_social_options":{"image_generator_settings":{"template":"highway","default_image_id":0,"font":"","enabled":false},"version":2}},"categories":[5,12],"tags":[],"class_list":["post-26754","post","type-post","status-publish","format-standard","has-post-thumbnail","hentry","category-chaco","category-ultimo"],"jetpack_publicize_connections":[],"jetpack_featured_media_url":"https:\/\/portalmovil.com.ar\/wp-content\/uploads\/2021\/05\/6099685b0d50e805629046.jpg","jetpack_sharing_enabled":true,"amp_enabled":true,"_links":{"self":[{"href":"https:\/\/portalmovil.com.ar\/index.php\/wp-json\/wp\/v2\/posts\/26754","targetHints":{"allow":["GET"]}}],"collection":[{"href":"https:\/\/portalmovil.com.ar\/index.php\/wp-json\/wp\/v2\/posts"}],"about":[{"href":"https:\/\/portalmovil.com.ar\/index.php\/wp-json\/wp\/v2\/types\/post"}],"author":[{"embeddable":true,"href":"https:\/\/portalmovil.com.ar\/index.php\/wp-json\/wp\/v2\/users\/2"}],"replies":[{"embeddable":true,"href":"https:\/\/portalmovil.com.ar\/index.php\/wp-json\/wp\/v2\/comments?post=26754"}],"version-history":[{"count":1,"href":"https:\/\/portalmovil.com.ar\/index.php\/wp-json\/wp\/v2\/posts\/26754\/revisions"}],"predecessor-version":[{"id":26756,"href":"https:\/\/portalmovil.com.ar\/index.php\/wp-json\/wp\/v2\/posts\/26754\/revisions\/26756"}],"wp:featuredmedia":[{"embeddable":true,"href":"https:\/\/portalmovil.com.ar\/index.php\/wp-json\/wp\/v2\/media\/26755"}],"wp:attachment":[{"href":"https:\/\/portalmovil.com.ar\/index.php\/wp-json\/wp\/v2\/media?parent=26754"}],"wp:term":[{"taxonomy":"category","embeddable":true,"href":"https:\/\/portalmovil.com.ar\/index.php\/wp-json\/wp\/v2\/categories?post=26754"},{"taxonomy":"post_tag","embeddable":true,"href":"https:\/\/portalmovil.com.ar\/index.php\/wp-json\/wp\/v2\/tags?post=26754"}],"curies":[{"name":"wp","href":"https:\/\/api.w.org\/{rel}","templated":true}]}}