{"id":26371,"date":"2021-05-06T10:47:40","date_gmt":"2021-05-06T13:47:40","guid":{"rendered":"https:\/\/portalmovil.com.ar\/?p=26371"},"modified":"2021-05-06T10:47:42","modified_gmt":"2021-05-06T13:47:42","slug":"resistencia-con-aumento-de-casos-es-de-las-seis-ciudades-mas-comprometidas","status":"publish","type":"post","link":"https:\/\/portalmovil.com.ar\/index.php\/2021\/05\/06\/resistencia-con-aumento-de-casos-es-de-las-seis-ciudades-mas-comprometidas\/","title":{"rendered":"Resistencia, con aumento de casos, es de las seis ciudades m\u00e1s comprometidas"},"content":{"rendered":"\n<p>El gobernador Jorge Capitanich informpo en la ma\u00f1ana de este jueves que desde el lunes pasado, 3 de mayo, se observa por tres d\u00edas consecutivos \u201cun aumento significativo de casos en la ciudad de Resistencia\u201d, y que son 17 los lugares identificados con aglomeraci\u00f3n de casos.<\/p>\n\n\n\n<p>A traves de redes sociales el mandatario detall\u00f3 que los lugares afectados son Villa El Dorado, Villa Teniente Saavedra, Belgrano, Villa Ercilia, Pegoraro, Don Enrique, Adelante, Golf Club, Villa San Mart\u00edn, Puppo, centro de la ciudad, Santo Domingo, Villa Perrando y Barber\u00e1n, entre otros barrios.<\/p>\n\n\n\n<p>\u201cDurante el fin de semana implementaremos postas de vacunaci\u00f3n para cubrir una demanda potencial de 10.000 dosis con el objetivo de extender la cobertura que pretende cubrir las 250.000 dosis como meta durante esta semana 61 de la pandemia\u201d, dijo el gobernador.<\/p>\n\n\n\n<p>Pinedo, luego de un descenso de casos, vuelve a subir.<\/p>\n\n\n\n<p>Explic\u00f3 adem\u00e1s que en lo que va de la semana, \u201cjunto con el aumento de los contagios, hemos verificado una reducci\u00f3n de localidades con tasa de incidencia superiores a 150 contagios cada 100.000 habitantes\u201d y record\u00f3 que en la anterior eran 36 las localidades afectadas.<\/p>\n\n\n\n<p>Actualmente son seis las localidades en riesgo medio y alto: Colonia Ben\u00edtez, General Pinedo, S\u00e1enz Pe\u00f1a, Resistencia, Villa \u00c1ngela y Tres Isletas. \u201cEsto implica extremar acciones y cuidados\u201d, dijo el gobernador.<\/p>\n\n\n\n<p>Por otra parte detall\u00f3 que son 132 internados, y que cerca de la mitad de los casos son menores de 60 a\u00f1os.<\/p>\n\n\n\n<p>Explic\u00f3 que el sistema sanitario total, es decir p\u00fablico y privado, tiene un uso de capacidad instalada en camas COVID del 35,3% y 51,4% en Asistencia Respiratoria Mec\u00e1nica.<\/p>\n\n\n\n<p>Por \u00faltimo destac\u00f3 \u201cel comportamiento ejemplar de organizaciones y movimientos sociales que solidariamente se encuentran colaborando en esta etapa cr\u00edtica de la pandemia\u201d.<\/p>\n","protected":false},"excerpt":{"rendered":"<p>El gobernador Jorge Capitanich informpo en la ma\u00f1ana de este jueves que desde el lunes pasado, 3 de mayo, se observa por tres d\u00edas consecutivos \u201cun aumento significativo de casos en la ciudad de Resistencia\u201d, y que son 17 los lugares identificados con aglomeraci\u00f3n de casos. A traves de redes sociales el mandatario detall\u00f3 que &hellip;<\/p>\n","protected":false},"author":2,"featured_media":26372,"comment_status":"open","ping_status":"open","sticky":false,"template":"","format":"standard","meta":{"_jetpack_memberships_contains_paid_content":false,"footnotes":"","jetpack_publicize_message":"","jetpack_publicize_feature_enabled":true,"jetpack_social_post_already_shared":true,"jetpack_social_options":{"image_generator_settings":{"template":"highway","default_image_id":0,"font":"","enabled":false},"version":2}},"categories":[37,46],"tags":[],"class_list":["post-26371","post","type-post","status-publish","format-standard","has-post-thumbnail","hentry","category-resistencia","category-salud"],"jetpack_publicize_connections":[],"jetpack_featured_media_url":"https:\/\/portalmovil.com.ar\/wp-content\/uploads\/2021\/05\/235652w1600h1200-730x410-1.jpg","jetpack_sharing_enabled":true,"amp_enabled":true,"_links":{"self":[{"href":"https:\/\/portalmovil.com.ar\/index.php\/wp-json\/wp\/v2\/posts\/26371","targetHints":{"allow":["GET"]}}],"collection":[{"href":"https:\/\/portalmovil.com.ar\/index.php\/wp-json\/wp\/v2\/posts"}],"about":[{"href":"https:\/\/portalmovil.com.ar\/index.php\/wp-json\/wp\/v2\/types\/post"}],"author":[{"embeddable":true,"href":"https:\/\/portalmovil.com.ar\/index.php\/wp-json\/wp\/v2\/users\/2"}],"replies":[{"embeddable":true,"href":"https:\/\/portalmovil.com.ar\/index.php\/wp-json\/wp\/v2\/comments?post=26371"}],"version-history":[{"count":1,"href":"https:\/\/portalmovil.com.ar\/index.php\/wp-json\/wp\/v2\/posts\/26371\/revisions"}],"predecessor-version":[{"id":26373,"href":"https:\/\/portalmovil.com.ar\/index.php\/wp-json\/wp\/v2\/posts\/26371\/revisions\/26373"}],"wp:featuredmedia":[{"embeddable":true,"href":"https:\/\/portalmovil.com.ar\/index.php\/wp-json\/wp\/v2\/media\/26372"}],"wp:attachment":[{"href":"https:\/\/portalmovil.com.ar\/index.php\/wp-json\/wp\/v2\/media?parent=26371"}],"wp:term":[{"taxonomy":"category","embeddable":true,"href":"https:\/\/portalmovil.com.ar\/index.php\/wp-json\/wp\/v2\/categories?post=26371"},{"taxonomy":"post_tag","embeddable":true,"href":"https:\/\/portalmovil.com.ar\/index.php\/wp-json\/wp\/v2\/tags?post=26371"}],"curies":[{"name":"wp","href":"https:\/\/api.w.org\/{rel}","templated":true}]}}