{"id":2630,"date":"2020-02-29T14:03:21","date_gmt":"2020-02-29T17:03:21","guid":{"rendered":"http:\/\/portalmovil.com.ar\/?p=2630"},"modified":"2020-02-29T14:03:28","modified_gmt":"2020-02-29T17:03:28","slug":"aborto-justicia-y-economia-los-ejes-del-mensaje-de-alberto-ante-la-apertura-de-sesiones-ordinarias-2020","status":"publish","type":"post","link":"https:\/\/portalmovil.com.ar\/index.php\/2020\/02\/29\/aborto-justicia-y-economia-los-ejes-del-mensaje-de-alberto-ante-la-apertura-de-sesiones-ordinarias-2020\/","title":{"rendered":"Aborto, Justicia y Econom\u00eda: los ejes del mensaje de Alberto ante la Apertura de sesiones ordinarias 2020"},"content":{"rendered":"\n<p>El presidente Alberto Fern\u00e1ndez inaugurar\u00e1 este domingo el 138\u00b0 per\u00edodo de sesiones ordinarias del Congreso Nacional con un discurso en el cual trazar\u00e1 los principales ejes de su gesti\u00f3n, expondr\u00e1 las prioridades de su gobierno en materia de renegociaci\u00f3n de la deuda y lucha contra la pobreza, y en el que, seg\u00fan ya se anticip\u00f3, anunciar\u00e1 el env\u00edo al Parlamento de un proyecto de reforma judicial, de legalizaci\u00f3n del aborto y un plan para asistir a madres vulnerables.<\/p>\n\n\n\n<p>Ser\u00e1 la primera vez que Fern\u00e1ndez deje abiertas las sesiones ordinarias, que se desarrollan entre el 1 de marzo y el 30 de noviembre, y la segunda vez que expondr\u00e1 ante la Asamblea Legislativa, ya que lo hizo el 10 de diciembre cuando asumi\u00f3 la Presidencia de la Naci\u00f3n.<\/p>\n\n\n\n<p>El jefe de Estado pronunciar\u00e1 su discurso en un recinto de sesiones que contar\u00e1 con la presencia de ministros y funcionarios del gobierno, mandatarios provinciales, los jueces de la Corte Suprema, embajadores e invitados especiales.<\/p>\n\n\n\n<p>En las inmediaciones del Congreso, habr\u00e1 una marcha para expresar el respaldo al presidente, convocada por organizaciones sociales y pol\u00edticas.<\/p>\n\n\n\n<p>Fuentes parlamentarias se\u00f1alaron que los ejes centrales de su discurso se centrar\u00e1n en las prioridades que tiene el gobierno en materia de la renegociaci\u00f3n de la deuda p\u00fablica, la reactivaci\u00f3n de la obra p\u00fablica, su lucha contra la pobreza y la distribuci\u00f3n de la tarjeta Alimentar en todo el pa\u00eds, en el marco del plan Argentina contra el Hambre, que ya cuenta con un total de 922.000 pl\u00e1sticos activos en todo el pa\u00eds, con 2.800.000 ni\u00f1os involucrados.<br><\/p>\n\n\n\n<p>Adem\u00e1s, como se adelant\u00f3 en las \u00faltimas semanas, el jefe de Estado anunciar\u00e1 que girar\u00e1 al Congreso los proyectos de legalizaci\u00f3n del aborto y otro de maternidad sustentable, que incluye el denominado \u201cPlan de los 1000 d\u00edas\u201d, que busca garantizar la asistencia de madres vulnerables desde el embarazo hasta los 2 a\u00f1os del ni\u00f1o.<\/p>\n\n\n\n<p>\u201cVa a ser legal la interrupci\u00f3n del embarazo\u201d, dijo en los \u00faltimos d\u00edas el ministro de Salud, Gines Gonz\u00e1lez Garc\u00eda, al confirmar el env\u00edo \u201cinminente\u201d de la iniciativa del Poder Ejecutivo.<\/p>\n\n\n\n<p>Tambi\u00e9n el presidente podr\u00eda anunciar modificaciones en el sistema de adopci\u00f3n para mejorar y acelerar los mecanismos que existen actualmente en el pa\u00eds, dijeron fuentes oficiales.<\/p>\n\n\n\n<p>\u201cTenemos que garantizarle a todos, todo: a la mujer que quiera abortar, que pueda hacerlo y a la mujer que quiera tenerlo, que pueda tenerlo. Esto quiere decir generar un debate sobre las familias de tr\u00e1nsito, definir mecanismos r\u00e1pidos de adopci\u00f3n y tambi\u00e9n mejorar la educaci\u00f3n anticonceptiva\u201d, hab\u00eda asegurado el Presidente en declaraciones de sus primeros d\u00edas de gobierno.<\/p>\n\n\n\n<p>En su mensaje, el jefe de Estado buscar\u00e1 impulsar ambos proyectos -el del aborto y el de maternidad sustentable- para que se traten en conjunto, con la idea -en parte- de contener a los sectores enfrentados en el tema, bien visibles durante el frustrado debate del 2018, cuando la legalizaci\u00f3n del aborto se aprob\u00f3 en Diputados pero fue rechazada en el Senado.<\/p>\n\n\n\n<p>Por otro lado, el presidente confirm\u00f3 que tambi\u00e9n anunciar\u00e1 el env\u00edo de un proyecto de reforma judicial con el objeto de \u201cempezar a ordenar a la justicia federal\u201d y, en ese marco, se\u00f1al\u00f3 que \u201cllegamos a un punto en donde las cosas no est\u00e1n funcionando bien y la justicia se aleja, en t\u00e9rminos econ\u00f3micos, del resto de la Argentina\u201d.<\/p>\n\n\n\n<p>En las \u00faltimas horas, el presidente estuvo analizando con sus principales asesores los aspectos centrales del discurso que pronunciar\u00e1 ante la asamblea convocada para el domingo al mediod\u00eda.<\/p>\n\n\n\n<p>El jefe de Estado pronunciar\u00e1 su discurso en un Congreso donde el Frente de Todos es mayor\u00eda en el Senado Nacional y primera minor\u00eda en la C\u00e1mara de Diputados, donde existe una virtud paridad entre el oficialismo y Juntos por el Cambio y all\u00ed se viven las mayores tensiones pol\u00edticas.<\/p>\n\n\n\n<p>Esa situaci\u00f3n qued\u00f3 evidenciada hace cuatro d\u00edas en la C\u00e1mara de Diputados, donde se aprob\u00f3 la reforma de las jubilaciones de privilegio de la justicia y del servicio exterior, en el marco de una tensa sesi\u00f3n por las denuncias de Juntos por el Cambo de anomal\u00edas por la conformaci\u00f3n del qu\u00f3rum.<\/p>\n\n\n\n<p>La Asamblea Legislativa ser\u00e1 abierta a las 11.30 por la vicepresidenta Fern\u00e1ndez de Kirchner y, veinte minutos despu\u00e9s est\u00e1 prevista la llegada de Fern\u00e1ndez para pronunciar su discurso inaugural del nuevo per\u00edodo de sesiones ordinarias.<\/p>\n\n\n\n<p>El jefe de Estado ser\u00e1 recibido por una comisi\u00f3n de diputados y senadores en la explanada de la avenida Entre R\u00edos, mientras que otra delegaci\u00f3n de legisladores lo aguardar\u00e1 en el Sal\u00f3n Azul, junto a las autoridades del Congreso, encabezados por el presidente de la C\u00e1mara de Diputados, Sergio Massa, y la presidenta provisional del Senado, Claudia Ledesma Abdala.<\/p>\n\n\n\n<p>Este s\u00e1bado, se ultimaban detalles a fin de acondicionar el Congreso para recibir a Fern\u00e1ndez, como sucede cada primero de marzo cuando el Presidente de la Naci\u00f3n inaugura el per\u00edodo de sesiones ordinarias.<br><\/p>\n","protected":false},"excerpt":{"rendered":"<p>El presidente Alberto Fern\u00e1ndez inaugurar\u00e1 este domingo el 138\u00b0 per\u00edodo de sesiones ordinarias del Congreso Nacional con un discurso en el cual trazar\u00e1 los principales ejes de su gesti\u00f3n, expondr\u00e1 las prioridades de su gobierno en materia de renegociaci\u00f3n de la deuda y lucha contra la pobreza, y en el que, seg\u00fan ya se anticip\u00f3, &hellip;<\/p>\n","protected":false},"author":2,"featured_media":2631,"comment_status":"open","ping_status":"open","sticky":false,"template":"","format":"standard","meta":{"_jetpack_memberships_contains_paid_content":false,"footnotes":"","jetpack_publicize_message":"","jetpack_publicize_feature_enabled":true,"jetpack_social_post_already_shared":true,"jetpack_social_options":{"image_generator_settings":{"template":"highway","default_image_id":0,"font":"","enabled":false},"version":2}},"categories":[14,12],"tags":[],"class_list":["post-2630","post","type-post","status-publish","format-standard","has-post-thumbnail","hentry","category-politica","category-ultimo"],"jetpack_publicize_connections":[],"jetpack_featured_media_url":"https:\/\/portalmovil.com.ar\/wp-content\/uploads\/2020\/02\/pers_Alberto_Fernandez121219232602.jpg","jetpack_sharing_enabled":true,"amp_enabled":true,"_links":{"self":[{"href":"https:\/\/portalmovil.com.ar\/index.php\/wp-json\/wp\/v2\/posts\/2630","targetHints":{"allow":["GET"]}}],"collection":[{"href":"https:\/\/portalmovil.com.ar\/index.php\/wp-json\/wp\/v2\/posts"}],"about":[{"href":"https:\/\/portalmovil.com.ar\/index.php\/wp-json\/wp\/v2\/types\/post"}],"author":[{"embeddable":true,"href":"https:\/\/portalmovil.com.ar\/index.php\/wp-json\/wp\/v2\/users\/2"}],"replies":[{"embeddable":true,"href":"https:\/\/portalmovil.com.ar\/index.php\/wp-json\/wp\/v2\/comments?post=2630"}],"version-history":[{"count":1,"href":"https:\/\/portalmovil.com.ar\/index.php\/wp-json\/wp\/v2\/posts\/2630\/revisions"}],"predecessor-version":[{"id":2632,"href":"https:\/\/portalmovil.com.ar\/index.php\/wp-json\/wp\/v2\/posts\/2630\/revisions\/2632"}],"wp:featuredmedia":[{"embeddable":true,"href":"https:\/\/portalmovil.com.ar\/index.php\/wp-json\/wp\/v2\/media\/2631"}],"wp:attachment":[{"href":"https:\/\/portalmovil.com.ar\/index.php\/wp-json\/wp\/v2\/media?parent=2630"}],"wp:term":[{"taxonomy":"category","embeddable":true,"href":"https:\/\/portalmovil.com.ar\/index.php\/wp-json\/wp\/v2\/categories?post=2630"},{"taxonomy":"post_tag","embeddable":true,"href":"https:\/\/portalmovil.com.ar\/index.php\/wp-json\/wp\/v2\/tags?post=2630"}],"curies":[{"name":"wp","href":"https:\/\/api.w.org\/{rel}","templated":true}]}}