{"id":26244,"date":"2021-05-05T09:17:48","date_gmt":"2021-05-05T12:17:48","guid":{"rendered":"https:\/\/portalmovil.com.ar\/?p=26244"},"modified":"2021-05-05T09:17:51","modified_gmt":"2021-05-05T12:17:51","slug":"las-protestas-no-ceden-en-colombia-y-crece-la-tension","status":"publish","type":"post","link":"https:\/\/portalmovil.com.ar\/index.php\/2021\/05\/05\/las-protestas-no-ceden-en-colombia-y-crece-la-tension\/","title":{"rendered":"Las protestas no ceden en Colombia y crece la tensi\u00f3n"},"content":{"rendered":"\n<p>Colombia atraviesa d\u00edas de convulsi\u00f3n social debido a las protestas callejeras contra un proyecto gubernamental de reforma tributaria, ya retirado del Congreso, que dejaron un saldo de 19 muertos y unos 800 heridos.&nbsp;<\/p>\n\n\n\n<p>Adem\u00e1s, un alerta militar en buena parte del territorio nacional y a la administraci\u00f3n de Iv\u00e1n Duque sin ministro de Hacienda, por la renuncia de Alberto Carrasquilla, mientras los organizadores del paro subieron ahora las exigencias de sus reclamos.&nbsp;<\/p>\n\n\n\n<p>El proyecto de la Ley de Solidaridad Sostenible buscaba recaudar dinero para pagar principalmente los compromisos de deuda. Seg\u00fan el Banco de la Rep\u00fablica, en enero de 2021 el saldo de la deuda externa de Colombia alcanz\u00f3 los 156.834 millones de d\u00f3lares, lo que equivale al 51,8% del PIB del pa\u00eds.<\/p>\n\n\n\n<p>Este martes, la Defensor\u00eda del Pueblo subi\u00f3 a 19 la cifra de muertos -18 civiles y un polic\u00eda- y el Ministerio de Defensa contabiliz\u00f3 a su vez 846 personas heridas, de las cuales 306 son civiles.&nbsp;<\/p>\n\n\n\n<p>Las autoridades detuvieron a 431 personas durante las movilizaciones y el Ejecutivo orden\u00f3 desplegar militares a las ciudades m\u00e1s afectadas, tal como lo hab\u00eda reclamado el viernes pasado el expresidente \u00c1lvaro Uribe, mentor de la llegada de Duque al Palacio de Nari\u00f1o.<\/p>\n\n\n\n<p>Luego de que Duque retirara la propuesta del Congreso, el Comit\u00e9 Nacional del Paro \u2013que agrupa a unas 40 organizaciones- redobl\u00f3 la apuesta: llam\u00f3 a una nueva movilizaci\u00f3n para el mi\u00e9rcoles, porque \u201cla gente, en las calles, est\u00e1 exigiendo mucho m\u00e1s que el retiro de la reforma tributaria\u00bb, y lanz\u00f3 un nuevo pliego de pretensiones.&nbsp;<\/p>\n\n\n\n<p>En un comunicado, el CNP reclam\u00f3 al Ejecutivo que desmilitarice las ciudades, castigue a los \u00abresponsables\u00bb de agredir a los manifestantes, retire un proyecto de ley que pretende reformar la salud local en tiempos de crisis por la pandemia y disponga una renta b\u00e1sica m\u00e1s alta.&nbsp;<\/p>\n","protected":false},"excerpt":{"rendered":"<p>Colombia atraviesa d\u00edas de convulsi\u00f3n social debido a las protestas callejeras contra un proyecto gubernamental de reforma tributaria, ya retirado del Congreso, que dejaron un saldo de 19 muertos y unos 800 heridos.&nbsp; Adem\u00e1s, un alerta militar en buena parte del territorio nacional y a la administraci\u00f3n de Iv\u00e1n Duque sin ministro de Hacienda, por &hellip;<\/p>\n","protected":false},"author":2,"featured_media":26245,"comment_status":"open","ping_status":"open","sticky":false,"template":"","format":"standard","meta":{"_jetpack_memberships_contains_paid_content":false,"footnotes":"","jetpack_publicize_message":"","jetpack_publicize_feature_enabled":true,"jetpack_social_post_already_shared":true,"jetpack_social_options":{"image_generator_settings":{"template":"highway","default_image_id":0,"font":"","enabled":false},"version":2}},"categories":[17],"tags":[],"class_list":["post-26244","post","type-post","status-publish","format-standard","has-post-thumbnail","hentry","category-mundo"],"jetpack_publicize_connections":[],"jetpack_featured_media_url":"https:\/\/portalmovil.com.ar\/wp-content\/uploads\/2021\/05\/COLOMBIA-PORTADA.jpg","jetpack_sharing_enabled":true,"amp_enabled":true,"_links":{"self":[{"href":"https:\/\/portalmovil.com.ar\/index.php\/wp-json\/wp\/v2\/posts\/26244","targetHints":{"allow":["GET"]}}],"collection":[{"href":"https:\/\/portalmovil.com.ar\/index.php\/wp-json\/wp\/v2\/posts"}],"about":[{"href":"https:\/\/portalmovil.com.ar\/index.php\/wp-json\/wp\/v2\/types\/post"}],"author":[{"embeddable":true,"href":"https:\/\/portalmovil.com.ar\/index.php\/wp-json\/wp\/v2\/users\/2"}],"replies":[{"embeddable":true,"href":"https:\/\/portalmovil.com.ar\/index.php\/wp-json\/wp\/v2\/comments?post=26244"}],"version-history":[{"count":1,"href":"https:\/\/portalmovil.com.ar\/index.php\/wp-json\/wp\/v2\/posts\/26244\/revisions"}],"predecessor-version":[{"id":26246,"href":"https:\/\/portalmovil.com.ar\/index.php\/wp-json\/wp\/v2\/posts\/26244\/revisions\/26246"}],"wp:featuredmedia":[{"embeddable":true,"href":"https:\/\/portalmovil.com.ar\/index.php\/wp-json\/wp\/v2\/media\/26245"}],"wp:attachment":[{"href":"https:\/\/portalmovil.com.ar\/index.php\/wp-json\/wp\/v2\/media?parent=26244"}],"wp:term":[{"taxonomy":"category","embeddable":true,"href":"https:\/\/portalmovil.com.ar\/index.php\/wp-json\/wp\/v2\/categories?post=26244"},{"taxonomy":"post_tag","embeddable":true,"href":"https:\/\/portalmovil.com.ar\/index.php\/wp-json\/wp\/v2\/tags?post=26244"}],"curies":[{"name":"wp","href":"https:\/\/api.w.org\/{rel}","templated":true}]}}