{"id":26116,"date":"2021-05-03T15:18:01","date_gmt":"2021-05-03T18:18:01","guid":{"rendered":"https:\/\/portalmovil.com.ar\/?p=26116"},"modified":"2021-05-03T15:18:03","modified_gmt":"2021-05-03T18:18:03","slug":"gustavo-martinez-pidio-incluir-al-personal-municipal-en-la-vacunacion-contra-el-covid-19","status":"publish","type":"post","link":"https:\/\/portalmovil.com.ar\/index.php\/2021\/05\/03\/gustavo-martinez-pidio-incluir-al-personal-municipal-en-la-vacunacion-contra-el-covid-19\/","title":{"rendered":"Gustavo Mart\u00ednez pidi\u00f3 incluir al personal municipal en la vacunaci\u00f3n contra el Covid-19"},"content":{"rendered":"\n<p class=\"wp-block-paragraph\">El intendente de Resistencia, Gustavo Mart\u00ednez, indic\u00f3 que nuevamente se realiz\u00f3 el pedido de vacunas contra el Covid-19 al Ministerio de Salud P\u00fablica de la Provincia, para poder comenzar a inmunizar a los empleados y empleadas municipales.<\/p>\n\n\n\n<p class=\"wp-block-paragraph\">\u201cEntendemos que el trabajador municipal ha sido esencial, en todas las \u00e1reas: de servicios, de atenci\u00f3n al p\u00fablico, de control, de seguridad y de inspecci\u00f3n, han trabajado durante toda la pandemia y por eso nos parece que tenemos que tener una respuesta positiva\u201d, explic\u00f3 el Intendente.<\/p>\n\n\n\n<p class=\"wp-block-paragraph\">\u201cEl trabajador municipal no puede ser discriminado, porque sabemos que en otras \u00e1reas hay empleados y personas j\u00f3venes que est\u00e1n siendo vacunados y vacunadas. El trabajador de servicios, de recolecci\u00f3n de residuos, de desag\u00fces, de obras, de tr\u00e1nsito no detuvo su trabajo y por eso nos parece injusto que sea discriminado\u201d, sentenci\u00f3.<\/p>\n\n\n\n<p class=\"wp-block-paragraph\">Indic\u00f3 que, este lunes 5 de mayo, Resistencia reiter\u00f3 el pedido a la Provincia y asegur\u00f3: \u201cLo vamos a hacer todas las veces que sea necesario, porque los trabajadores y trabajadoras municipales son esenciales como ya lo han demostrado y los siguen demostrando, tenemos un grupo que hace recolecci\u00f3n de residuos patol\u00f3gicos y de minibasurales, y a\u00fan no est\u00e1n inmunizados\u201d, expres\u00f3 con preocupaci\u00f3n.<\/p>\n\n\n\n<p class=\"wp-block-paragraph\">Adem\u00e1s, se\u00f1al\u00f3 que en el Juzgado de Faltas se detect\u00f3 un caso positivo de Covid-19 y por ello se suspendieron las actividades por 72 horas, para resguardar al resto del personal. Y lo mismo puede suceder en otras \u00e1reas afectando el desempe\u00f1o de las labores, se\u00f1al\u00f3.<\/p>\n","protected":false},"excerpt":{"rendered":"<p>El intendente de Resistencia, Gustavo Mart\u00ednez, indic\u00f3 que nuevamente se realiz\u00f3 el pedido de vacunas contra el Covid-19 al Ministerio de Salud P\u00fablica de la Provincia, para poder comenzar a inmunizar a los empleados y empleadas municipales. \u201cEntendemos que el trabajador municipal ha sido esencial, en todas las \u00e1reas: de servicios, de atenci\u00f3n al p\u00fablico, &hellip;<\/p>\n","protected":false},"author":2,"featured_media":26117,"comment_status":"open","ping_status":"open","sticky":false,"template":"","format":"standard","meta":{"_jetpack_newsletter_access":"","_jetpack_dont_email_post_to_subs":false,"_jetpack_newsletter_tier_id":0,"_jetpack_memberships_contains_paywalled_content":false,"_jetpack_feature_clip_id":0,"_jetpack_memberships_contains_paid_content":false,"footnotes":"","jetpack_publicize_message":"","jetpack_publicize_feature_enabled":true,"jetpack_social_post_already_shared":false,"jetpack_social_options":{"image_generator_settings":{"template":"highway","default_image_id":0,"font":"","enabled":false},"version":2},"jetpack_post_was_ever_published":false},"categories":[14,37],"tags":[],"class_list":["post-26116","post","type-post","status-publish","format-standard","has-post-thumbnail","hentry","category-politica","category-resistencia"],"jetpack_publicize_connections":[],"jetpack_sharing_enabled":true,"amp_enabled":true,"jetpack_featured_media_url":"https:\/\/portalmovil.com.ar\/wp-content\/uploads\/2021\/05\/GM-696x522-1.jpg","_links":{"self":[{"href":"https:\/\/portalmovil.com.ar\/index.php\/wp-json\/wp\/v2\/posts\/26116","targetHints":{"allow":["GET"]}}],"collection":[{"href":"https:\/\/portalmovil.com.ar\/index.php\/wp-json\/wp\/v2\/posts"}],"about":[{"href":"https:\/\/portalmovil.com.ar\/index.php\/wp-json\/wp\/v2\/types\/post"}],"author":[{"embeddable":true,"href":"https:\/\/portalmovil.com.ar\/index.php\/wp-json\/wp\/v2\/users\/2"}],"replies":[{"embeddable":true,"href":"https:\/\/portalmovil.com.ar\/index.php\/wp-json\/wp\/v2\/comments?post=26116"}],"version-history":[{"count":1,"href":"https:\/\/portalmovil.com.ar\/index.php\/wp-json\/wp\/v2\/posts\/26116\/revisions"}],"predecessor-version":[{"id":26118,"href":"https:\/\/portalmovil.com.ar\/index.php\/wp-json\/wp\/v2\/posts\/26116\/revisions\/26118"}],"wp:featuredmedia":[{"embeddable":true,"href":"https:\/\/portalmovil.com.ar\/index.php\/wp-json\/wp\/v2\/media\/26117"}],"wp:attachment":[{"href":"https:\/\/portalmovil.com.ar\/index.php\/wp-json\/wp\/v2\/media?parent=26116"}],"wp:term":[{"taxonomy":"category","embeddable":true,"href":"https:\/\/portalmovil.com.ar\/index.php\/wp-json\/wp\/v2\/categories?post=26116"},{"taxonomy":"post_tag","embeddable":true,"href":"https:\/\/portalmovil.com.ar\/index.php\/wp-json\/wp\/v2\/tags?post=26116"}],"curies":[{"name":"wp","href":"https:\/\/api.w.org\/{rel}","templated":true}]}}