{"id":2610,"date":"2020-02-29T10:23:34","date_gmt":"2020-02-29T13:23:34","guid":{"rendered":"http:\/\/portalmovil.com.ar\/?p=2610"},"modified":"2020-02-29T10:23:41","modified_gmt":"2020-02-29T13:23:41","slug":"quitilipi-video-descarrilo-un-tren-de-cargas-tras-un-incendio-en-uno-de-sus-vagones","status":"publish","type":"post","link":"https:\/\/portalmovil.com.ar\/index.php\/2020\/02\/29\/quitilipi-video-descarrilo-un-tren-de-cargas-tras-un-incendio-en-uno-de-sus-vagones\/","title":{"rendered":"Quitilipi: [VIDEO] Descarril\u00f3 un tren de cargas tras un incendio en uno de sus vagones"},"content":{"rendered":"\n<p>Un tren del Belgrano Cargas descarril\u00f3 en un espacio verde de la ciudad Quitilipi, producto de un incendio que se produjo en uno de los vagones que trasladaban postes de pino.<\/p>\n\n\n\n<p>El hecho se registro  alrededor de las 20:00, tres vagones de los 40 que acarrea el tren salieron de la v\u00eda.<\/p>\n\n\n\n\n\n<p>El maquinista dio aviso de la situaci\u00f3n a la empresa y un mec\u00e1nico arrib\u00f3 al lugar, qui\u00e9n explic\u00f3 que el \u00faltimo de los vagones que funciona como limpiador de caminos y contiene todo tipo de ramas, se incendi\u00f3.<\/p>\n\n\n\n<p>Se dio intervenci\u00f3n a Bomberos Voluntarios de Quitilipi que sofocaron el incendio, sin registrar personas heridas.<\/p>\n","protected":false},"excerpt":{"rendered":"<p>Un tren del Belgrano Cargas descarril\u00f3 en un espacio verde de la ciudad Quitilipi, producto de un incendio que se produjo en uno de los vagones que trasladaban postes de pino. El hecho se registro alrededor de las 20:00, tres vagones de los 40 que acarrea el tren salieron de la v\u00eda. El maquinista dio &hellip;<\/p>\n","protected":false},"author":2,"featured_media":2613,"comment_status":"open","ping_status":"open","sticky":false,"template":"","format":"standard","meta":{"_jetpack_memberships_contains_paid_content":false,"footnotes":"","jetpack_publicize_message":"","jetpack_publicize_feature_enabled":true,"jetpack_social_post_already_shared":true,"jetpack_social_options":{"image_generator_settings":{"template":"highway","default_image_id":0,"font":"","enabled":false},"version":2}},"categories":[5,42,8],"tags":[],"class_list":["post-2610","post","type-post","status-publish","format-standard","has-post-thumbnail","hentry","category-chaco","category-interior","category-policiales"],"jetpack_publicize_connections":[],"jetpack_featured_media_url":"https:\/\/portalmovil.com.ar\/wp-content\/uploads\/2020\/02\/whatsapp_image_2020-02-28_at_23.42.44-1.jpg","jetpack_sharing_enabled":true,"amp_enabled":true,"_links":{"self":[{"href":"https:\/\/portalmovil.com.ar\/index.php\/wp-json\/wp\/v2\/posts\/2610","targetHints":{"allow":["GET"]}}],"collection":[{"href":"https:\/\/portalmovil.com.ar\/index.php\/wp-json\/wp\/v2\/posts"}],"about":[{"href":"https:\/\/portalmovil.com.ar\/index.php\/wp-json\/wp\/v2\/types\/post"}],"author":[{"embeddable":true,"href":"https:\/\/portalmovil.com.ar\/index.php\/wp-json\/wp\/v2\/users\/2"}],"replies":[{"embeddable":true,"href":"https:\/\/portalmovil.com.ar\/index.php\/wp-json\/wp\/v2\/comments?post=2610"}],"version-history":[{"count":1,"href":"https:\/\/portalmovil.com.ar\/index.php\/wp-json\/wp\/v2\/posts\/2610\/revisions"}],"predecessor-version":[{"id":2614,"href":"https:\/\/portalmovil.com.ar\/index.php\/wp-json\/wp\/v2\/posts\/2610\/revisions\/2614"}],"wp:featuredmedia":[{"embeddable":true,"href":"https:\/\/portalmovil.com.ar\/index.php\/wp-json\/wp\/v2\/media\/2613"}],"wp:attachment":[{"href":"https:\/\/portalmovil.com.ar\/index.php\/wp-json\/wp\/v2\/media?parent=2610"}],"wp:term":[{"taxonomy":"category","embeddable":true,"href":"https:\/\/portalmovil.com.ar\/index.php\/wp-json\/wp\/v2\/categories?post=2610"},{"taxonomy":"post_tag","embeddable":true,"href":"https:\/\/portalmovil.com.ar\/index.php\/wp-json\/wp\/v2\/tags?post=2610"}],"curies":[{"name":"wp","href":"https:\/\/api.w.org\/{rel}","templated":true}]}}