{"id":26053,"date":"2021-05-03T10:01:32","date_gmt":"2021-05-03T13:01:32","guid":{"rendered":"https:\/\/portalmovil.com.ar\/?p=26053"},"modified":"2021-05-03T10:01:34","modified_gmt":"2021-05-03T13:01:34","slug":"el-zorro-repudio-los-descuentos-por-dias-de-paro-a-docentes","status":"publish","type":"post","link":"https:\/\/portalmovil.com.ar\/index.php\/2021\/05\/03\/el-zorro-repudio-los-descuentos-por-dias-de-paro-a-docentes\/","title":{"rendered":"El Zorro repudi\u00f3 los descuentos por d\u00edas de paro a docentes"},"content":{"rendered":"\n<p>El diputado provincial, Leandro Zdero, manifest\u00f3 su repudio a los descuentos que sufrieron los docentes en la acreditaci\u00f3n de sus sueldos el pasado viernes, asegurando que \u201ces un golpe muy duro al bolsillo\u201d, y record\u00f3 que en el a\u00f1o 2016 se hicieron diversas presentaciones que ordenaron su devoluci\u00f3n.<\/p>\n\n\n\n<p>En este sentido, el legislador expres\u00f3:\u00a0\u201cEsta situaci\u00f3n vino a enfrentar a los mismos trabajadores con esa flamante Resoluci\u00f3n 1079\/21, que obliga a los directores a informar qui\u00e9nes hacen paros y \u201cdelatar\u201d a sus colegas. Por eso, se deber\u00eda hacer los reclamos con una nota que incluya nombre, domicilio y monto descontado de recibo. Hay 5 d\u00edas para presentar desde este lunes en la direcci\u00f3n de la escuela, regional educativa o por mail al Gobierno digital. Ya en 2016 se hizo una presentaci\u00f3n similar, y en julio, la justicia v\u00eda gremio orden\u00f3 la devoluci\u00f3n. Este es un paso administrativo para dejar constancia y deber\u00edan hacerlo\u201d. \u00a0<\/p>\n\n\n\n<h2 class=\"wp-block-heading\"><strong>DEJEN DE PERSEGUIR A LOS DOCENTES<\/strong><\/h2>\n\n\n\n<p>\u201cLa docencia chaque\u00f1a no merece ser castigada de esta manera \u00bfC\u00f3mo los directores de los establecimientos que son empleados jerarquizados deben cargar con esa responsabilidad que no les compete? No deber\u00eda existir estos destratos.\u00a0Hoy es el Estado quien no deber\u00eda seguir extendiendo los tiempos para pagar lo que debe, porque la situaci\u00f3n salarial del sector comparada con la inflaci\u00f3n a\u00fan no fue equiparada\u201d, agreg\u00f3.<\/p>\n\n\n\n<p>\u201cEste reclamo por los descuentos, los docentes en toda la provincia deber\u00edan presentarlo, porque no es justo que se persiga y castigue al que reclama lo que le corresponde. Hay que terminar con estas represalias a los docentes y fortalecer al sistema, luchando codo a codo, junto a ellos, por un futuro mejor para los chaque\u00f1os\u201d, concluy\u00f3 Zdero.<\/p>\n","protected":false},"excerpt":{"rendered":"<p>El diputado provincial, Leandro Zdero, manifest\u00f3 su repudio a los descuentos que sufrieron los docentes en la acreditaci\u00f3n de sus sueldos el pasado viernes, asegurando que \u201ces un golpe muy duro al bolsillo\u201d, y record\u00f3 que en el a\u00f1o 2016 se hicieron diversas presentaciones que ordenaron su devoluci\u00f3n. En este sentido, el legislador expres\u00f3:\u00a0\u201cEsta situaci\u00f3n &hellip;<\/p>\n","protected":false},"author":2,"featured_media":26061,"comment_status":"open","ping_status":"open","sticky":false,"template":"","format":"standard","meta":{"_jetpack_memberships_contains_paid_content":false,"footnotes":"","jetpack_publicize_message":"","jetpack_publicize_feature_enabled":true,"jetpack_social_post_already_shared":false,"jetpack_social_options":{"image_generator_settings":{"template":"highway","default_image_id":0,"font":"","enabled":false},"version":2}},"categories":[5,14],"tags":[],"class_list":["post-26053","post","type-post","status-publish","format-standard","has-post-thumbnail","hentry","category-chaco","category-politica"],"jetpack_publicize_connections":[],"jetpack_featured_media_url":"https:\/\/portalmovil.com.ar\/wp-content\/uploads\/2021\/05\/unnamed-2.jpg","jetpack_sharing_enabled":true,"amp_enabled":true,"_links":{"self":[{"href":"https:\/\/portalmovil.com.ar\/index.php\/wp-json\/wp\/v2\/posts\/26053","targetHints":{"allow":["GET"]}}],"collection":[{"href":"https:\/\/portalmovil.com.ar\/index.php\/wp-json\/wp\/v2\/posts"}],"about":[{"href":"https:\/\/portalmovil.com.ar\/index.php\/wp-json\/wp\/v2\/types\/post"}],"author":[{"embeddable":true,"href":"https:\/\/portalmovil.com.ar\/index.php\/wp-json\/wp\/v2\/users\/2"}],"replies":[{"embeddable":true,"href":"https:\/\/portalmovil.com.ar\/index.php\/wp-json\/wp\/v2\/comments?post=26053"}],"version-history":[{"count":1,"href":"https:\/\/portalmovil.com.ar\/index.php\/wp-json\/wp\/v2\/posts\/26053\/revisions"}],"predecessor-version":[{"id":26062,"href":"https:\/\/portalmovil.com.ar\/index.php\/wp-json\/wp\/v2\/posts\/26053\/revisions\/26062"}],"wp:featuredmedia":[{"embeddable":true,"href":"https:\/\/portalmovil.com.ar\/index.php\/wp-json\/wp\/v2\/media\/26061"}],"wp:attachment":[{"href":"https:\/\/portalmovil.com.ar\/index.php\/wp-json\/wp\/v2\/media?parent=26053"}],"wp:term":[{"taxonomy":"category","embeddable":true,"href":"https:\/\/portalmovil.com.ar\/index.php\/wp-json\/wp\/v2\/categories?post=26053"},{"taxonomy":"post_tag","embeddable":true,"href":"https:\/\/portalmovil.com.ar\/index.php\/wp-json\/wp\/v2\/tags?post=26053"}],"curies":[{"name":"wp","href":"https:\/\/api.w.org\/{rel}","templated":true}]}}