{"id":25919,"date":"2021-04-30T21:35:01","date_gmt":"2021-05-01T00:35:01","guid":{"rendered":"https:\/\/portalmovil.com.ar\/?p=25919"},"modified":"2021-04-30T21:35:03","modified_gmt":"2021-05-01T00:35:03","slug":"victor-rea-acercamos-soluciones-y-respuestas-a-nuestra-comunidad","status":"publish","type":"post","link":"https:\/\/portalmovil.com.ar\/index.php\/2021\/04\/30\/victor-rea-acercamos-soluciones-y-respuestas-a-nuestra-comunidad\/","title":{"rendered":"V\u00edctor Rea: \u00abAcercamos soluciones y respuestas a nuestra comunidad\u00bb"},"content":{"rendered":"\n<p>El intendente de Puerto Vilelas V\u00edctor Rea recibi\u00f3 a la Multisectorial Feminista del Chaco, en la cual se aunaron criterios y diversas visiones para comenzar la ejecuci\u00f3n de un Refugio para Mujeres v\u00edctimas de violencia de g\u00e9nero en esta localidad. \u00abCon esta obra, que permitir\u00e1 luchar contra este flagelo social que golpea a la sociedad actual, se est\u00e1n brindando a\u00fan m\u00e1s herramientas y protecci\u00f3n a las mujeres de nuestra comunidad vilelense y zonas aleda\u00f1as\u00bb, manifest\u00f3 el jefe comunal.<\/p>\n\n\n\n<p>En esta misma sinton\u00eda, desde la Municipalidad de Puerto Vilelas, a trav\u00e9s del \u00e1rea de G\u00e9nero y Diversidad que depende de la Secretar\u00eda de Desarrollo Social se viene llevando adelante un arduo trabajo y de lucha para luchar y defender todo tipo de violencias ejercidas hacia las mujeres de Puerto Vilelas. \u00abEntendemos que resulta fundamental poner al servicio no solamente de las mujeres, sino de toda la comunidad abocada a esta problem\u00e1tica las herramientas para empezar a apagar y desaparecer cualquier tipo de acci\u00f3n en contra de la integridad f\u00edsica y psicol\u00f3gica de una mujer\u00bb, manifest\u00f3 Rea.<\/p>\n\n\n\n<p>El proyecto para la construcci\u00f3n del Refugio para las mujeres v\u00edctimas de violencia de g\u00e9nero estar\u00e1 ubicado al lado de la Secretar\u00eda de Desarrollo Social (avenida San Mart\u00edn 520), siendo este un lugar amplio y en una ubicaci\u00f3n trascendental y estrat\u00e9gica de Puerto Vilelas.<\/p>\n\n\n\n<p>\u00abAcercamos soluciones y respuestas a nuestra comunidad\u00bb, finaliz\u00f3 el intendente V\u00edctor Rea.<\/p>\n","protected":false},"excerpt":{"rendered":"<p>El intendente de Puerto Vilelas V\u00edctor Rea recibi\u00f3 a la Multisectorial Feminista del Chaco, en la cual se aunaron criterios y diversas visiones para comenzar la ejecuci\u00f3n de un Refugio para Mujeres v\u00edctimas de violencia de g\u00e9nero en esta localidad. \u00abCon esta obra, que permitir\u00e1 luchar contra este flagelo social que golpea a la sociedad &hellip;<\/p>\n","protected":false},"author":2,"featured_media":25920,"comment_status":"open","ping_status":"open","sticky":false,"template":"","format":"standard","meta":{"_jetpack_memberships_contains_paid_content":false,"footnotes":"","jetpack_publicize_message":"","jetpack_publicize_feature_enabled":true,"jetpack_social_post_already_shared":false,"jetpack_social_options":{"image_generator_settings":{"template":"highway","default_image_id":0,"font":"","enabled":false},"version":2}},"categories":[28,5],"tags":[],"class_list":["post-25919","post","type-post","status-publish","format-standard","has-post-thumbnail","hentry","category-actualidad","category-chaco"],"jetpack_publicize_connections":[],"jetpack_featured_media_url":"https:\/\/portalmovil.com.ar\/wp-content\/uploads\/2021\/04\/ed78fcb9-c86d-4e11-94d5-9082be0eedae.jpg","jetpack_sharing_enabled":true,"amp_enabled":true,"_links":{"self":[{"href":"https:\/\/portalmovil.com.ar\/index.php\/wp-json\/wp\/v2\/posts\/25919","targetHints":{"allow":["GET"]}}],"collection":[{"href":"https:\/\/portalmovil.com.ar\/index.php\/wp-json\/wp\/v2\/posts"}],"about":[{"href":"https:\/\/portalmovil.com.ar\/index.php\/wp-json\/wp\/v2\/types\/post"}],"author":[{"embeddable":true,"href":"https:\/\/portalmovil.com.ar\/index.php\/wp-json\/wp\/v2\/users\/2"}],"replies":[{"embeddable":true,"href":"https:\/\/portalmovil.com.ar\/index.php\/wp-json\/wp\/v2\/comments?post=25919"}],"version-history":[{"count":1,"href":"https:\/\/portalmovil.com.ar\/index.php\/wp-json\/wp\/v2\/posts\/25919\/revisions"}],"predecessor-version":[{"id":25921,"href":"https:\/\/portalmovil.com.ar\/index.php\/wp-json\/wp\/v2\/posts\/25919\/revisions\/25921"}],"wp:featuredmedia":[{"embeddable":true,"href":"https:\/\/portalmovil.com.ar\/index.php\/wp-json\/wp\/v2\/media\/25920"}],"wp:attachment":[{"href":"https:\/\/portalmovil.com.ar\/index.php\/wp-json\/wp\/v2\/media?parent=25919"}],"wp:term":[{"taxonomy":"category","embeddable":true,"href":"https:\/\/portalmovil.com.ar\/index.php\/wp-json\/wp\/v2\/categories?post=25919"},{"taxonomy":"post_tag","embeddable":true,"href":"https:\/\/portalmovil.com.ar\/index.php\/wp-json\/wp\/v2\/tags?post=25919"}],"curies":[{"name":"wp","href":"https:\/\/api.w.org\/{rel}","templated":true}]}}