{"id":25906,"date":"2021-04-30T20:42:05","date_gmt":"2021-04-30T23:42:05","guid":{"rendered":"https:\/\/portalmovil.com.ar\/?p=25906"},"modified":"2021-04-30T20:52:27","modified_gmt":"2021-04-30T23:52:27","slug":"la-semana-que-viene-iniciara-la-tercer-etapa-de-vacunacion-a-personas-con-discapacidad","status":"publish","type":"post","link":"https:\/\/portalmovil.com.ar\/index.php\/2021\/04\/30\/la-semana-que-viene-iniciara-la-tercer-etapa-de-vacunacion-a-personas-con-discapacidad\/","title":{"rendered":"La semana que viene iniciar\u00e1 la tercer etapa de vacunaci\u00f3n a personas con discapacidad"},"content":{"rendered":"\n<p>En el marco de la conferencia de prensa en la que se comunic\u00f3 el parte epidemiol\u00f3gico de la fecha, el presidente del Instituto Provincial para la Inclusi\u00f3n de las Personas con Discapacidad del Chaco (IPRODICh)&nbsp;Jos\u00e9 Lorenzo, asegur\u00f3 que \u201cde acuerdo a lo resuelto, a partir de la semana que viene que inicia la tercera etapa de vacunaci\u00f3n a personas con discapacidad\u201d.<\/p>\n\n\n\n<p>En ese sentido, el funcionario precis\u00f3 que \u201caquellas personas que fueron registradas en IPRODICH son aproximadamente 1800. Van a ser vacunadas en los diferentes centros de vacunaci\u00f3n designados por el Ministerio\u201d, y explic\u00f3 que \u201caquellos que deban vacunarse domiciliariamente deben acercarse a las postas para coordinar su vacunaci\u00f3n\u201d.<\/p>\n\n\n\n<p>A su vez, indic\u00f3 que \u201clas personas con discapacidad que acuden a instituciones p\u00fablicas o privadas y que se han inscripto, el Ministerio de Salud ha determinado en constituir postas en las instituciones para generar burbujas y que se permita en ese espacio ser vacunados\u201d.<\/p>\n\n\n\n<p>\u201cAquellas personas con discapacidad que van a ser vacunadas son las de 18 a 59 a\u00f1os con factores de riesgo asociados. Abstengan de acercarse personas con discapacidad que no hayan sido registradas y que no re\u00fanan estas condiciones\u201d, aclar\u00f3 Lorenzo, y destac\u00f3 que \u201cseguramente, en un tiempo no muy lejano, van a ser vacunadas las personas con discapacidad que no tengan factores de riesgo\u201d.<\/p>\n\n\n\n<p>Sobre c\u00f3mo se da la inmunizaci\u00f3n, el presidente del Instituto explic\u00f3 que \u201cfueron vacunadas las personas con discapacidad tanto en hogares p\u00fablicos como privados, y se est\u00e1 vacunando en este momento tanto a personas con S\u00edndrome de Down, inmunodeprimidas y personas con insuficiencia renal cr\u00f3nica\u201d.<\/p>\n","protected":false},"excerpt":{"rendered":"<p>En el marco de la conferencia de prensa en la que se comunic\u00f3 el parte epidemiol\u00f3gico de la fecha, el presidente del Instituto Provincial para la Inclusi\u00f3n de las Personas con Discapacidad del Chaco (IPRODICh)&nbsp;Jos\u00e9 Lorenzo, asegur\u00f3 que \u201cde acuerdo a lo resuelto, a partir de la semana que viene que inicia la tercera etapa &hellip;<\/p>\n","protected":false},"author":2,"featured_media":21531,"comment_status":"open","ping_status":"open","sticky":false,"template":"","format":"standard","meta":{"_jetpack_memberships_contains_paid_content":false,"footnotes":"","jetpack_publicize_message":"","jetpack_publicize_feature_enabled":true,"jetpack_social_post_already_shared":false,"jetpack_social_options":{"image_generator_settings":{"template":"highway","default_image_id":0,"font":"","enabled":false},"version":2}},"categories":[5,46,12],"tags":[],"class_list":["post-25906","post","type-post","status-publish","format-standard","has-post-thumbnail","hentry","category-chaco","category-salud","category-ultimo"],"jetpack_publicize_connections":[],"jetpack_featured_media_url":"https:\/\/portalmovil.com.ar\/wp-content\/uploads\/2021\/02\/vacuna-sputnik.jpg","jetpack_sharing_enabled":true,"amp_enabled":true,"_links":{"self":[{"href":"https:\/\/portalmovil.com.ar\/index.php\/wp-json\/wp\/v2\/posts\/25906","targetHints":{"allow":["GET"]}}],"collection":[{"href":"https:\/\/portalmovil.com.ar\/index.php\/wp-json\/wp\/v2\/posts"}],"about":[{"href":"https:\/\/portalmovil.com.ar\/index.php\/wp-json\/wp\/v2\/types\/post"}],"author":[{"embeddable":true,"href":"https:\/\/portalmovil.com.ar\/index.php\/wp-json\/wp\/v2\/users\/2"}],"replies":[{"embeddable":true,"href":"https:\/\/portalmovil.com.ar\/index.php\/wp-json\/wp\/v2\/comments?post=25906"}],"version-history":[{"count":1,"href":"https:\/\/portalmovil.com.ar\/index.php\/wp-json\/wp\/v2\/posts\/25906\/revisions"}],"predecessor-version":[{"id":25907,"href":"https:\/\/portalmovil.com.ar\/index.php\/wp-json\/wp\/v2\/posts\/25906\/revisions\/25907"}],"wp:featuredmedia":[{"embeddable":true,"href":"https:\/\/portalmovil.com.ar\/index.php\/wp-json\/wp\/v2\/media\/21531"}],"wp:attachment":[{"href":"https:\/\/portalmovil.com.ar\/index.php\/wp-json\/wp\/v2\/media?parent=25906"}],"wp:term":[{"taxonomy":"category","embeddable":true,"href":"https:\/\/portalmovil.com.ar\/index.php\/wp-json\/wp\/v2\/categories?post=25906"},{"taxonomy":"post_tag","embeddable":true,"href":"https:\/\/portalmovil.com.ar\/index.php\/wp-json\/wp\/v2\/tags?post=25906"}],"curies":[{"name":"wp","href":"https:\/\/api.w.org\/{rel}","templated":true}]}}