{"id":2582,"date":"2020-02-29T00:49:42","date_gmt":"2020-02-29T03:49:42","guid":{"rendered":"http:\/\/portalmovil.com.ar\/?p=2582"},"modified":"2020-02-29T00:49:49","modified_gmt":"2020-02-29T03:49:49","slug":"alberto-fernandez-defendio-beneficios-y-una-linea-de-creditos-para-las-pymes","status":"publish","type":"post","link":"https:\/\/portalmovil.com.ar\/index.php\/2020\/02\/29\/alberto-fernandez-defendio-beneficios-y-una-linea-de-creditos-para-las-pymes\/","title":{"rendered":"Alberto Fern\u00e1ndez defendi\u00f3 beneficios y una l\u00ednea de cr\u00e9ditos para las Pymes"},"content":{"rendered":"\n<p>El presidente Alberto Fern\u00e1ndez defendi\u00f3 este viernes la implementaci\u00f3n de \u00abuna moratoria fiscal y una l\u00ednea de cr\u00e9ditos a tasas bajas\u00bb para fomentar la producci\u00f3n de las Pymes, sector de la econom\u00eda que necesitaba \u00abuna acci\u00f3n r\u00e1pida y concreta del Estado\u00bb.<\/p>\n\n\n\n<p>El m\u00e1ximo mandatario public\u00f3 en su cuenta oficial de Twitter un mensaje para celebrar la medida y destacar: \u00abLa situaci\u00f3n de las pymes requer\u00eda una acci\u00f3n r\u00e1pida y concreta del Estado, que debe proteger a los que producen y dan trabajo\u00bb.<\/p>\n\n\n\n<p>Y agreg\u00f3: \u00abPor eso implementamos una moratoria fiscal y una l\u00ednea de cr\u00e9ditos a tasas bajas para que puedan volver a producir\u00bb.<\/p>\n\n\n\n<p>El mensaje del presidente es acompa\u00f1ado por un video de 48 segundos en el que se reproducen pasajes del discurso que pronunci\u00f3 ante la Asamblea Legislativa mientras asum\u00eda el cargo y en el que hizo \u00e9nfasis en estas empresas: \u201cEl endeudamiento de las pymes tiene proporciones dram\u00e1ticas\u00bb.<\/p>\n","protected":false},"excerpt":{"rendered":"<p>El presidente Alberto Fern\u00e1ndez defendi\u00f3 este viernes la implementaci\u00f3n de \u00abuna moratoria fiscal y una l\u00ednea de cr\u00e9ditos a tasas bajas\u00bb para fomentar la producci\u00f3n de las Pymes, sector de la econom\u00eda que necesitaba \u00abuna acci\u00f3n r\u00e1pida y concreta del Estado\u00bb. El m\u00e1ximo mandatario public\u00f3 en su cuenta oficial de Twitter un mensaje para celebrar &hellip;<\/p>\n","protected":false},"author":2,"featured_media":2583,"comment_status":"open","ping_status":"open","sticky":false,"template":"","format":"standard","meta":{"_jetpack_memberships_contains_paid_content":false,"footnotes":"","jetpack_publicize_message":"","jetpack_publicize_feature_enabled":true,"jetpack_social_post_already_shared":true,"jetpack_social_options":{"image_generator_settings":{"template":"highway","default_image_id":0,"font":"","enabled":false},"version":2}},"categories":[14,12],"tags":[],"class_list":["post-2582","post","type-post","status-publish","format-standard","has-post-thumbnail","hentry","category-politica","category-ultimo"],"jetpack_publicize_connections":[],"jetpack_featured_media_url":"https:\/\/portalmovil.com.ar\/wp-content\/uploads\/2020\/02\/alberto-fernandez.jpg","jetpack_sharing_enabled":true,"amp_enabled":true,"_links":{"self":[{"href":"https:\/\/portalmovil.com.ar\/index.php\/wp-json\/wp\/v2\/posts\/2582","targetHints":{"allow":["GET"]}}],"collection":[{"href":"https:\/\/portalmovil.com.ar\/index.php\/wp-json\/wp\/v2\/posts"}],"about":[{"href":"https:\/\/portalmovil.com.ar\/index.php\/wp-json\/wp\/v2\/types\/post"}],"author":[{"embeddable":true,"href":"https:\/\/portalmovil.com.ar\/index.php\/wp-json\/wp\/v2\/users\/2"}],"replies":[{"embeddable":true,"href":"https:\/\/portalmovil.com.ar\/index.php\/wp-json\/wp\/v2\/comments?post=2582"}],"version-history":[{"count":1,"href":"https:\/\/portalmovil.com.ar\/index.php\/wp-json\/wp\/v2\/posts\/2582\/revisions"}],"predecessor-version":[{"id":2584,"href":"https:\/\/portalmovil.com.ar\/index.php\/wp-json\/wp\/v2\/posts\/2582\/revisions\/2584"}],"wp:featuredmedia":[{"embeddable":true,"href":"https:\/\/portalmovil.com.ar\/index.php\/wp-json\/wp\/v2\/media\/2583"}],"wp:attachment":[{"href":"https:\/\/portalmovil.com.ar\/index.php\/wp-json\/wp\/v2\/media?parent=2582"}],"wp:term":[{"taxonomy":"category","embeddable":true,"href":"https:\/\/portalmovil.com.ar\/index.php\/wp-json\/wp\/v2\/categories?post=2582"},{"taxonomy":"post_tag","embeddable":true,"href":"https:\/\/portalmovil.com.ar\/index.php\/wp-json\/wp\/v2\/tags?post=2582"}],"curies":[{"name":"wp","href":"https:\/\/api.w.org\/{rel}","templated":true}]}}