{"id":2571,"date":"2020-02-28T23:18:37","date_gmt":"2020-02-29T02:18:37","guid":{"rendered":"http:\/\/portalmovil.com.ar\/?p=2571"},"modified":"2020-02-28T23:18:44","modified_gmt":"2020-02-29T02:18:44","slug":"saenz-pena-dos-motocicletas-sustraidas-fueron-recuperadas-y-devueltas-a-sus-duenos","status":"publish","type":"post","link":"https:\/\/portalmovil.com.ar\/index.php\/2020\/02\/28\/saenz-pena-dos-motocicletas-sustraidas-fueron-recuperadas-y-devueltas-a-sus-duenos\/","title":{"rendered":"S\u00e1enz Pe\u00f1a: Dos motocicletas sustra\u00eddas fueron recuperadas y devueltas a sus due\u00f1os"},"content":{"rendered":"\n<p>En la ma\u00f1ana de hoy, cerca de las  11hs aproximadamente, mientras se desarrollaban operativos de control vehicular, llevado a cabo en distintos puntos de la provincia por personal de caminera, retuvieron a dos motocicletas con pedido de secuestro y aprehendieron a dos masculinos de 38 y 33 a\u00f1os. <\/p>\n\n\n\n<figure class=\"wp-block-image size-large\"><img loading=\"lazy\" decoding=\"async\" width=\"720\" height=\"960\" src=\"https:\/\/portalmovil.com.ar\/wp-content\/uploads\/2020\/02\/87577522_2889478391132527_160226134389161984_o.jpg\" alt=\"\" class=\"wp-image-2572\" srcset=\"https:\/\/portalmovil.com.ar\/wp-content\/uploads\/2020\/02\/87577522_2889478391132527_160226134389161984_o.jpg 720w, https:\/\/portalmovil.com.ar\/wp-content\/uploads\/2020\/02\/87577522_2889478391132527_160226134389161984_o-225x300.jpg 225w\" sizes=\"auto, (max-width: 720px) 100vw, 720px\" \/><\/figure>\n\n\n\n<p>El primer hecho sucedi\u00f3 a horas 11:10 y el procedimiento fue realizado por personal de motoristas del \u00e1rea metropolitana, quienes se encontraban realizando control motovehicular e identificaci\u00f3n de persona, sobre Avenida Chaco N\u00ba 2000, donde visualizan una persona de sexo masculino quien circulaba en una motocicleta tipo 110cc, sin casco reglamentario, demorando el paso del mismo a los fines de identificarlo.<\/p>\n\n\n\n<p>Este hombre, de 33 a\u00f1os y oriundo de Resistencia, no contaba con ning\u00fan tipo de documentaci\u00f3n de la motocicleta, situaci\u00f3n por lo que procedieron a realizar una inspecci\u00f3n f\u00edsica, trat\u00e1ndose de una motocicleta maraca Zanella, modelo Zb 110 cc, y al consultar en el Padr\u00f3n Unificado de Motocicletas Sustra\u00eddas, se estableci\u00f3 que sobre la misma persist\u00eda Pedido de Secuestro Activo de fecha 25\/06\/17, por causa \u201cSUP. HURTO\u201d.<\/p>\n\n\n\n<p>El segundo procedimiento fue llevado a cabo por personal de la Divisi\u00f3n Transito Urbano y Patrulla Vial SAENZ PE\u00d1A, sobre Ruta Nacional Nro. 16 km. 179 (Colectora Sur), donde interceptaron el paso de una motocicleta marca CORVEN, 110 cc, y al consultar con la base de datos del Padr\u00f3n Unificado, presentaba \u00abPedido De Secuestro Activo De Fecha 09\/10\/2014\u00bb, por \u201cSUP. HURTO\u201d.<\/p>\n\n\n\n<p>Seguidamente su conductor fue identificado como un masculino de 38 a\u00f1os de edad, oriundo de S\u00e1enz Pe\u00f1a.<\/p>\n\n\n\n<p>En ambos casos se procedi\u00f3 al formal secuestro de las motocicletas, y a la conducci\u00f3n de sus ocupantes a la Comisaria Interviniente a los fines de proseguir con las diligencias legales<\/p>\n","protected":false},"excerpt":{"rendered":"<p>En la ma\u00f1ana de hoy, cerca de las 11hs aproximadamente, mientras se desarrollaban operativos de control vehicular, llevado a cabo en distintos puntos de la provincia por personal de caminera, retuvieron a dos motocicletas con pedido de secuestro y aprehendieron a dos masculinos de 38 y 33 a\u00f1os. El primer hecho sucedi\u00f3 a horas 11:10 &hellip;<\/p>\n","protected":false},"author":2,"featured_media":2573,"comment_status":"open","ping_status":"open","sticky":false,"template":"","format":"standard","meta":{"_jetpack_memberships_contains_paid_content":false,"footnotes":"","jetpack_publicize_message":"","jetpack_publicize_feature_enabled":true,"jetpack_social_post_already_shared":true,"jetpack_social_options":{"image_generator_settings":{"template":"highway","default_image_id":0,"font":"","enabled":false},"version":2}},"categories":[42,8],"tags":[263,171],"class_list":["post-2571","post","type-post","status-publish","format-standard","has-post-thumbnail","hentry","category-interior","category-policiales","tag-motos","tag-recuperada"],"jetpack_publicize_connections":[],"jetpack_featured_media_url":"https:\/\/portalmovil.com.ar\/wp-content\/uploads\/2020\/02\/caminera_64871_64871-scaled.jpg","jetpack_sharing_enabled":true,"amp_enabled":true,"_links":{"self":[{"href":"https:\/\/portalmovil.com.ar\/index.php\/wp-json\/wp\/v2\/posts\/2571","targetHints":{"allow":["GET"]}}],"collection":[{"href":"https:\/\/portalmovil.com.ar\/index.php\/wp-json\/wp\/v2\/posts"}],"about":[{"href":"https:\/\/portalmovil.com.ar\/index.php\/wp-json\/wp\/v2\/types\/post"}],"author":[{"embeddable":true,"href":"https:\/\/portalmovil.com.ar\/index.php\/wp-json\/wp\/v2\/users\/2"}],"replies":[{"embeddable":true,"href":"https:\/\/portalmovil.com.ar\/index.php\/wp-json\/wp\/v2\/comments?post=2571"}],"version-history":[{"count":1,"href":"https:\/\/portalmovil.com.ar\/index.php\/wp-json\/wp\/v2\/posts\/2571\/revisions"}],"predecessor-version":[{"id":2574,"href":"https:\/\/portalmovil.com.ar\/index.php\/wp-json\/wp\/v2\/posts\/2571\/revisions\/2574"}],"wp:featuredmedia":[{"embeddable":true,"href":"https:\/\/portalmovil.com.ar\/index.php\/wp-json\/wp\/v2\/media\/2573"}],"wp:attachment":[{"href":"https:\/\/portalmovil.com.ar\/index.php\/wp-json\/wp\/v2\/media?parent=2571"}],"wp:term":[{"taxonomy":"category","embeddable":true,"href":"https:\/\/portalmovil.com.ar\/index.php\/wp-json\/wp\/v2\/categories?post=2571"},{"taxonomy":"post_tag","embeddable":true,"href":"https:\/\/portalmovil.com.ar\/index.php\/wp-json\/wp\/v2\/tags?post=2571"}],"curies":[{"name":"wp","href":"https:\/\/api.w.org\/{rel}","templated":true}]}}