{"id":25686,"date":"2021-04-28T16:24:06","date_gmt":"2021-04-28T19:24:06","guid":{"rendered":"https:\/\/portalmovil.com.ar\/?p=25686"},"modified":"2021-04-28T16:24:09","modified_gmt":"2021-04-28T19:24:09","slug":"capitanich-superviso-la-construccion-del-microestadio-y-obras-de-pavimentacion-en-castelli","status":"publish","type":"post","link":"https:\/\/portalmovil.com.ar\/index.php\/2021\/04\/28\/capitanich-superviso-la-construccion-del-microestadio-y-obras-de-pavimentacion-en-castelli\/","title":{"rendered":"Capitanich supervis\u00f3 la construcci\u00f3n del microestadio y obras de pavimentaci\u00f3n en Castelli"},"content":{"rendered":"\n<p>El gobernador Jorge Capitanich y la vicegobernadora, junto al intendente P\u00edo Sander, supervisaron este martes las obras de construcci\u00f3n del microestadio de Juan Jos\u00e9 Castelli, que presenta un 60% de avance y demanda una inversi\u00f3n superior a los $89.600.00 con financiamiento de Loter\u00eda Chaque\u00f1a.<\/p>\n\n\n\n<p>\u201cEsta es una obra emblem\u00e1tica para la ciudad, con instalaciones muy buenas, que se convertir\u00e1 en un complejo para albergar a deportistas de toda la zona\u00bb, indic\u00f3 el gobernador, destacando la construcci\u00f3n adicional de una cancha de f\u00fatbol y otra de jockey en el lugar.<\/p>\n\n\n\n<p>El mandatario puntualiz\u00f3 en la importancia de continuar impulsando el empleo privado formal, en este caso gracias a la industria de la construcci\u00f3n. \u201cEstas obras tienen un alt\u00edsimo impacto en la generaci\u00f3n de empleo privado formal y pretendemos que esa curva sea sostenida en los pr\u00f3ximos meses; esto es muy importante en una \u00e9poca muy dif\u00edcil para el mundo, en donde debemos restringir la circulaci\u00f3n y al mismo tiempo generar condiciones de empleabilidad\u201d, remarc\u00f3.<\/p>\n\n\n\n<p>En esa l\u00ednea, valor\u00f3 las diversas obras de infraestructura que se hicieron en esa ciudad tanto en sus mandatos anteriores como en el actual, dentro de las cuales sum\u00f3 tambi\u00e9n al edificio del registro civil. \u201cSon obras transcendentes para el progreso de Castelli, que venimos acompa\u00f1ando desde el 2007 con infraestructura b\u00e1sica indispensable como cloacas y agua potable, y tambi\u00e9n obras necesarias como edificios del Poder Judicial, hospitales, fibra \u00f3ptica, entre otras\u201d, destac\u00f3 Capitanich.<\/p>\n\n\n\n<p>En tanto, el intendente Sander asegur\u00f3 que \u201ceste microestadio ser\u00e1 una soluci\u00f3n para muchos deportistas de toda la regi\u00f3n\u201d, y agradeci\u00f3 adem\u00e1s el aporte del Ministerio de Infraestructura de la provincia que posibilitar\u00e1 la construcci\u00f3n de las canchas de f\u00fatbol y jockey que complementar\u00e1n el estadio. \u201cQueremos generar una villa deportiva y era muy necesario avanzar con estas obras\u201d, sintetiz\u00f3 el jefe comunal.<\/p>\n\n\n\n<p>La obra tiene una gran importancia ya que contribuir\u00e1 a cerrar la malla urbana en el casco hist\u00f3rico, aportando al desarrollo de esta ciudad del norte provincial que tiene unos 50.000 habitantes.<\/p>\n","protected":false},"excerpt":{"rendered":"<p>El gobernador Jorge Capitanich y la vicegobernadora, junto al intendente P\u00edo Sander, supervisaron este martes las obras de construcci\u00f3n del microestadio de Juan Jos\u00e9 Castelli, que presenta un 60% de avance y demanda una inversi\u00f3n superior a los $89.600.00 con financiamiento de Loter\u00eda Chaque\u00f1a. \u201cEsta es una obra emblem\u00e1tica para la ciudad, con instalaciones muy &hellip;<\/p>\n","protected":false},"author":2,"featured_media":25687,"comment_status":"open","ping_status":"open","sticky":false,"template":"","format":"standard","meta":{"_jetpack_memberships_contains_paid_content":false,"footnotes":"","jetpack_publicize_message":"","jetpack_publicize_feature_enabled":true,"jetpack_social_post_already_shared":false,"jetpack_social_options":{"image_generator_settings":{"template":"highway","default_image_id":0,"font":"","enabled":false},"version":2}},"categories":[5,42,12],"tags":[],"class_list":["post-25686","post","type-post","status-publish","format-standard","has-post-thumbnail","hentry","category-chaco","category-interior","category-ultimo"],"jetpack_publicize_connections":[],"jetpack_featured_media_url":"https:\/\/portalmovil.com.ar\/wp-content\/uploads\/2021\/04\/d8d162c541aea1d84a3f78b3766f77db.jpg","jetpack_sharing_enabled":true,"amp_enabled":true,"_links":{"self":[{"href":"https:\/\/portalmovil.com.ar\/index.php\/wp-json\/wp\/v2\/posts\/25686","targetHints":{"allow":["GET"]}}],"collection":[{"href":"https:\/\/portalmovil.com.ar\/index.php\/wp-json\/wp\/v2\/posts"}],"about":[{"href":"https:\/\/portalmovil.com.ar\/index.php\/wp-json\/wp\/v2\/types\/post"}],"author":[{"embeddable":true,"href":"https:\/\/portalmovil.com.ar\/index.php\/wp-json\/wp\/v2\/users\/2"}],"replies":[{"embeddable":true,"href":"https:\/\/portalmovil.com.ar\/index.php\/wp-json\/wp\/v2\/comments?post=25686"}],"version-history":[{"count":1,"href":"https:\/\/portalmovil.com.ar\/index.php\/wp-json\/wp\/v2\/posts\/25686\/revisions"}],"predecessor-version":[{"id":25688,"href":"https:\/\/portalmovil.com.ar\/index.php\/wp-json\/wp\/v2\/posts\/25686\/revisions\/25688"}],"wp:featuredmedia":[{"embeddable":true,"href":"https:\/\/portalmovil.com.ar\/index.php\/wp-json\/wp\/v2\/media\/25687"}],"wp:attachment":[{"href":"https:\/\/portalmovil.com.ar\/index.php\/wp-json\/wp\/v2\/media?parent=25686"}],"wp:term":[{"taxonomy":"category","embeddable":true,"href":"https:\/\/portalmovil.com.ar\/index.php\/wp-json\/wp\/v2\/categories?post=25686"},{"taxonomy":"post_tag","embeddable":true,"href":"https:\/\/portalmovil.com.ar\/index.php\/wp-json\/wp\/v2\/tags?post=25686"}],"curies":[{"name":"wp","href":"https:\/\/api.w.org\/{rel}","templated":true}]}}