{"id":25584,"date":"2021-04-27T15:17:38","date_gmt":"2021-04-27T18:17:38","guid":{"rendered":"https:\/\/portalmovil.com.ar\/?p=25584"},"modified":"2021-04-27T15:17:40","modified_gmt":"2021-04-27T18:17:40","slug":"el-presidente-acuso-al-gobierno-de-macri-de-no-terminar-casas-por-odio","status":"publish","type":"post","link":"https:\/\/portalmovil.com.ar\/index.php\/2021\/04\/27\/el-presidente-acuso-al-gobierno-de-macri-de-no-terminar-casas-por-odio\/","title":{"rendered":"El Presidente acus\u00f3 al gobierno de Macri de no terminar casas por \u00abodio\u00bb"},"content":{"rendered":"\n<p>Alberto Fern\u00e1ndez acus\u00f3 al gobierno de Mauricio Macri de no terminar casas por \u201codio\u201d. \u00abMuchas de estas casas quedaron pr\u00e1cticamente terminadas en el 2015 y me pregunto. \u00b4\u00bfC\u00f3mo es que alguien no las termin\u00f3? \u00bfC\u00f3mo fue que no pens\u00e9 en la necesidad de tantos de ocupar estas casas? No le encuentro respuesta. La \u00fanica que le encuentro es el odio. Que alguien odie tanto que deje las casas vac\u00edas para que la gente no recuerde qui\u00e9n las hizo\u201d, dijo el presidente.<\/p>\n\n\n\n<p>Asimismo, Fern\u00e1ndez se\u00f1al\u00f3 que durante los cuatro a\u00f1os del gobierno de Macri se perdi\u00f3 \u00abla posibilidad de darle a cada chico una notebook para que tengan conectividad en su casa\u00bb.<\/p>\n\n\n\n<figure class=\"wp-block-embed is-type-rich is-provider-twitter wp-block-embed-twitter\"><div class=\"wp-block-embed__wrapper\">\n<div class=\"embed-twitter\"><blockquote class=\"twitter-tweet\" data-width=\"500\" data-dnt=\"true\"><p lang=\"es\" dir=\"ltr\">\ud83c\udf99\u201cMuchas de estas casas quedaron terminadas en 2015 y me pregunto c\u00f3mo nadie pens\u00f3 en la necesidad de tantos de ocuparlas. Lo que deber\u00eda importarle a quien gobierna es que ustedes tengan vivienda\u201d. El presidente <a href=\"https:\/\/twitter.com\/alferdez?ref_src=twsrc%5Etfw\">@alferdez<\/a> en el acto de entrega de viviendas del barrio Saladita. <a href=\"https:\/\/t.co\/bWyTuVo8QF\">pic.twitter.com\/bWyTuVo8QF<\/a><\/p>&mdash; Alberto Fern\u00e1ndez Prensa (@alferdezprensa) <a href=\"https:\/\/twitter.com\/alferdezprensa\/status\/1387084666054889473?ref_src=twsrc%5Etfw\">April 27, 2021<\/a><\/blockquote><script async src=\"https:\/\/platform.twitter.com\/widgets.js\" charset=\"utf-8\"><\/script><\/div>\n<\/div><\/figure>\n\n\n\n<p>\u00abEsa fue la tragedia que vivimos. Estamos en una provincia donde durante cuatro a\u00f1os cerraron escuelas y universidades que otros dijeron que no serv\u00edan y hoy est\u00e1n llenas de estudiantes. Eso es lo que nos diferencia\u00bb, sostuvo el mandatario al encabezar\u00a0un acto de entrega de viviendas en el barrio Saladita\u00a0de la ciudad bonaerense de\u00a0Avellaneda, junto al ministro de Desarrollo Territorial y H\u00e1bitat y ex intendente de Avellaneda,\u00a0Jorge Ferraresi\u00a0y el gobernador bonaerense, Axel Kicillof.<\/p>\n\n\n\n<p>Durante el acto, el Presidente record\u00f3 el aniversario de la elecci\u00f3n que llev\u00f3 a N\u00e9stor Kirchner a la presidencia en 2003 y destac\u00f3 la figura del fallecido exmandatario como quien \u00abse expresaba como alguien diferente, impecable en su gesti\u00f3n\u00bb.<\/p>\n\n\n\n<p>\u00abEs lindo que hoy esta entrega coincida con aquel triunfo maravilloso, el comienzo de una etapa distinta, que tendr\u00e1 claroscuros pero el saldo final es positivo sin duda\u00bb,&nbsp;dijo.<\/p>\n\n\n\n<p>Adem\u00e1s destac\u00f3 que, \u00abaun en pandemia, nunca cedimos nuestras banderas y convicciones, como la preocupaci\u00f3n por el hambre y los despose\u00eddos\u00bb, y puso el acento en el car\u00e1cter crucial de un Estado presente.<\/p>\n\n\n\n<p>\u00abNada de esto ocurre si el Estado no est\u00e1 presente, porque no lo hace el mercado sino el Estado. Si el Estado no hace estas casas, estas casas no existen. Si esto se llama estatismo, populismo, peronismo, para m\u00ed es resolverle la vida a la gente\u00bb, dijo el mandatario.<\/p>\n","protected":false},"excerpt":{"rendered":"<p>Alberto Fern\u00e1ndez acus\u00f3 al gobierno de Mauricio Macri de no terminar casas por \u201codio\u201d. \u00abMuchas de estas casas quedaron pr\u00e1cticamente terminadas en el 2015 y me pregunto. \u00b4\u00bfC\u00f3mo es que alguien no las termin\u00f3? \u00bfC\u00f3mo fue que no pens\u00e9 en la necesidad de tantos de ocupar estas casas? No le encuentro respuesta. La \u00fanica que &hellip;<\/p>\n","protected":false},"author":2,"featured_media":25585,"comment_status":"open","ping_status":"open","sticky":false,"template":"","format":"standard","meta":{"_jetpack_memberships_contains_paid_content":false,"footnotes":"","jetpack_publicize_message":"","jetpack_publicize_feature_enabled":true,"jetpack_social_post_already_shared":false,"jetpack_social_options":{"image_generator_settings":{"template":"highway","default_image_id":0,"font":"","enabled":false},"version":2}},"categories":[34,12],"tags":[],"class_list":["post-25584","post","type-post","status-publish","format-standard","has-post-thumbnail","hentry","category-nacional","category-ultimo"],"jetpack_publicize_connections":[],"jetpack_featured_media_url":"https:\/\/portalmovil.com.ar\/wp-content\/uploads\/2021\/04\/2TIZNX4XRBGKBG7XIZWGO2TB5A.jpg","jetpack_sharing_enabled":true,"amp_enabled":true,"_links":{"self":[{"href":"https:\/\/portalmovil.com.ar\/index.php\/wp-json\/wp\/v2\/posts\/25584","targetHints":{"allow":["GET"]}}],"collection":[{"href":"https:\/\/portalmovil.com.ar\/index.php\/wp-json\/wp\/v2\/posts"}],"about":[{"href":"https:\/\/portalmovil.com.ar\/index.php\/wp-json\/wp\/v2\/types\/post"}],"author":[{"embeddable":true,"href":"https:\/\/portalmovil.com.ar\/index.php\/wp-json\/wp\/v2\/users\/2"}],"replies":[{"embeddable":true,"href":"https:\/\/portalmovil.com.ar\/index.php\/wp-json\/wp\/v2\/comments?post=25584"}],"version-history":[{"count":1,"href":"https:\/\/portalmovil.com.ar\/index.php\/wp-json\/wp\/v2\/posts\/25584\/revisions"}],"predecessor-version":[{"id":25586,"href":"https:\/\/portalmovil.com.ar\/index.php\/wp-json\/wp\/v2\/posts\/25584\/revisions\/25586"}],"wp:featuredmedia":[{"embeddable":true,"href":"https:\/\/portalmovil.com.ar\/index.php\/wp-json\/wp\/v2\/media\/25585"}],"wp:attachment":[{"href":"https:\/\/portalmovil.com.ar\/index.php\/wp-json\/wp\/v2\/media?parent=25584"}],"wp:term":[{"taxonomy":"category","embeddable":true,"href":"https:\/\/portalmovil.com.ar\/index.php\/wp-json\/wp\/v2\/categories?post=25584"},{"taxonomy":"post_tag","embeddable":true,"href":"https:\/\/portalmovil.com.ar\/index.php\/wp-json\/wp\/v2\/tags?post=25584"}],"curies":[{"name":"wp","href":"https:\/\/api.w.org\/{rel}","templated":true}]}}