{"id":25349,"date":"2021-04-24T21:30:12","date_gmt":"2021-04-25T00:30:12","guid":{"rendered":"https:\/\/portalmovil.com.ar\/?p=25349"},"modified":"2021-04-24T21:30:14","modified_gmt":"2021-04-25T00:30:14","slug":"chaco-la-ministra-de-salud-dijo-que-el-sistema-sanitario-esta-preparado","status":"publish","type":"post","link":"https:\/\/portalmovil.com.ar\/index.php\/2021\/04\/24\/chaco-la-ministra-de-salud-dijo-que-el-sistema-sanitario-esta-preparado\/","title":{"rendered":"Chaco: La ministra de Salud dijo que \u00abel sistema sanitario est\u00e1 preparado\u00bb"},"content":{"rendered":"\n<p>En la ma\u00f1ana de este s\u00e1bado, la ministra de Salud P\u00fablica del Chaco, Paola Ben\u00edtez mantuvo una reuni\u00f3n con el equipo directivo y operativo del hospital Julio C. Perrando y del hospital Modular, como parte del plan de trabajo que la cartera sanitaria lleva adelante desde el comienzo de la pandemia por COVID-19. \u201cEl sistema de salud planific\u00f3 una estrategia para la contenci\u00f3n de la pandemia ocasionada por el virus SARS Cov 2, que se lleva adelante y va avanzando por etapas seg\u00fan lo que evidencian los indicadores epidemiol\u00f3gicos establecidos como alarmas\u201d, resalt\u00f3 la funcionaria.<\/p>\n\n\n\n<p>Del encuentro, adem\u00e1s de Ben\u00edtez, participaron Daniel Pascual, Dar\u00edo Barrios y Mar\u00eda Teresa Garay, quienes conforman el Equipo Directivo del hospital de mayor complejidad de la provincia. En el marco de la reuni\u00f3n, la ministra explic\u00f3 que \u201cnuestro sistema sanitario est\u00e1 preparado y las camas de internaci\u00f3n COVID-19 se ir\u00e1n expandiendo de acuerdo a la necesidad epidemiol\u00f3gica de la provincia\u201d.<\/p>\n\n\n\n<p>El sistema sanitario del Ministerio de Salud P\u00fablica, a trav\u00e9s del Corredor COVID-19, est\u00e1 dotado de la infraestructura necesaria para la asistencia de pacientes moderados y cr\u00edticos, como tambi\u00e9n de los insumos y medicamentos necesarios en el contexto epidemiol\u00f3gico actual.&nbsp;<\/p>\n\n\n\n<p>La atenci\u00f3n a personas con COVID-19 positivo que requieren supervisi\u00f3n de especialistas se realiza en la provincia a trav\u00e9s del mencionado Corredor COVID-19 conformado por efectores del subsistema p\u00fablico y privado. Los grandes centros de atenci\u00f3n ubicados en los principales n\u00facleos de poblaci\u00f3n de la provincia, conforman los nodos de atenci\u00f3n para pacientes en estado moderado y cr\u00edtico.<\/p>\n\n\n\n<p>La capacidad de atenci\u00f3n de estos centros se ha ido incrementando desde el inicio de la pandemia, alcanzando a multiplicar por m\u00e1s de 14 veces la capacidad inicial del sistema p\u00fablico destinada a pacientes con COVID-19. Esto se logr\u00f3 con la reconstrucci\u00f3n a nuevo de los pabellones (pastilla 6 y 9, sector de aislamiento) enteros del Hospital Perrando y la construcci\u00f3n de un nuevo hospital Modular en el mismo predio.<\/p>\n\n\n\n<p>\u201cDesde el comienzo de la pandemia se apost\u00f3 al fortalecimiento del sistema sanitario en su estructura y capacidad de contenci\u00f3n ante una emergencia sanitaria por COVID-19, a fin de garantizar el acceso a la salud de todo el pueblo chaque\u00f1o\u201d, record\u00f3 la ministra. \u201cPara ello establecimos un Corredor COVID-19 integrado por los tres hospitales de mayor complejidad de la provincia, para el caso de pacientes adultos, y el hospital Pedi\u00e1trico, para el caso de pacientes ni\u00f1os y adolescentes menores de 14 a\u00f1os\u201d.<\/p>\n\n\n\n<p>\u201cSe gener\u00f3 capacidad para la asistencia de pacientes moderados y cr\u00edticos en el hospital de mayor complejidad de la provincia, para la expansi\u00f3n de camas para la asistencia de pacientes cr\u00edticos de acuerdo a la evoluci\u00f3n de la pandemia\u201d, sostuvo la funcionaria, quien reflej\u00f3, como ejemplo, que \u201ccontamos con&nbsp;<strong>90 camas habilitadas<\/strong>&nbsp;actualmente para pacientes moderados y cr\u00edticos en el hospital Modular y el \u00e1rea de aislamiento\u201d.<\/p>\n\n\n\n<p>Dicha capacidad seguir\u00e1 fortaleci\u00e9ndose dado que est\u00e1 planificada la inmediata ampliaci\u00f3n en la infraestructura del lugar, con la&nbsp;<strong>instalaci\u00f3n de 26 nuevas camas<\/strong>&nbsp;para terapia intensiva, dotadas del equipo de asistencia respiratoria mec\u00e1nica.&nbsp;<\/p>\n\n\n\n<p>Los principales efectores del sistema p\u00fablico que brindan atenci\u00f3n a personas con COVID-19 positivo son el Hospital Perrando y Hospital Pedi\u00e1trico \u201cAvelino Castel\u00e1n\u201d en Resistencia, Hospital 4 de junio en S\u00e1enz Pe\u00f1a y el Hospital Bicentenario General G\u00fcemes en Juan Jos\u00e9 Castelli. Adem\u00e1s, los hospitales \u201cSalvador Mazza\u201d en Villa \u00c1ngela, \u201cDr. Enrique V.\u00a0 de Llamas\u201d en Charata, \u201c9 de Julio\u201d en Las Bre\u00f1as, \u201cArturo Illia\u201d en El Sauzalito, entre otros, albergan a pacientes que cursan la enfermedad de forma leve a moderada, conformando as\u00ed una verdadera red asistencial para pacientes COVID organizadas en el corredor sanitario.<\/p>\n\n\n\n<h3 class=\"wp-block-heading\"><strong>Ampliaci\u00f3n de camas seg\u00fan la necesidad epidemiol\u00f3gica<\/strong><\/h3>\n\n\n\n<p>La evoluci\u00f3n de la pandemia en la provincia del Chaco tuvo distintas fases con tendencias en casos crecientes y declinantes. Geogr\u00e1ficamente la pandemia afect\u00f3 al inicio principalmente al \u00c1rea Metropolitana del Gran Resistencia y luego de 15 semanas, comenz\u00f3 a expandirse por las principales ciudades ubicadas sobre la ruta 16 y al norte de esta. Las principales ciudades del sur fueron las \u00faltimas en ser afectadas.<\/p>\n\n\n\n<p>La provincia de Chaco y el Ministerio de Salud P\u00fablica lograron una administraci\u00f3n del n\u00famero de contagios que fue posible gracias a la aplicaci\u00f3n de medidas derivadas del monitoreo constante de la situaci\u00f3n epidemiol\u00f3gica que se plasmaron en un set de indicadores. La administraci\u00f3n en el n\u00famero de casos impact\u00f3 tambi\u00e9n en la ocupaci\u00f3n de camas del sistema sanitario manteniendo por un considerable per\u00edodo gran parte de la capacidad f\u00edsica ociosa.<\/p>\n\n\n\n<p>Desde el inicio del mes de abril del corriente a\u00f1o y con mayor fuerza despu\u00e9s de semana santa, la provincia viene experimentando un incremento en el n\u00famero de casos. Actualmente l<strong>a ocupaci\u00f3n del sistema p\u00fablico de atenci\u00f3n COVID-19 es del 71%<\/strong>&nbsp;para sus Unidades de Terapia Intensiva y un&nbsp;<strong>60,4% para sus unidades de asistencia mec\u00e1nica respiratoria<\/strong>, teniendo en cuenta la cantidad de camas habilitadas hasta el momento.<\/p>\n\n\n\n<p>En tal sentido, la ministra Ben\u00edtez recalc\u00f3 que \u201cseg\u00fan el plan operativo de contingencia para COVID-19, las camas se ir\u00e1n habilitando de acuerdo a lo que vayan marcando los indicadores establecidos para las mismas, pudiendo contar con un total de 200 camas en el hospital de mayor complejidad\u201d. Entre estos indicadores se encuentran el ritmo de ingreso y egreso de pacientes; la demanda de respiradores; el crecimiento diario de contagios, de los cuales podemos asumir que el 10% son pacientes potenciales a internarse y el 1% ir\u00e1 a asistencia mec\u00e1nica respiratoria.<\/p>\n\n\n\n<p>Puntualmente, y acerca de la reuni\u00f3n mantenida hoy, la funcionaria aport\u00f3 que \u201ctrabajamos con el equipo directivo y operativo del hospital Perrando en las estrategias que hemos dise\u00f1ado y tenemos plasmadas en nuestro plan operativo de pandemia en la anticipaci\u00f3n de medidas como la disponibilidad de camas de acuerdo a la necesidad epidemiol\u00f3gica\u201d.<\/p>\n\n\n\n<p>El sistema p\u00fablico de salud hoy se encuentra con parte de su capacidad reasignada a otro tipo de patolog\u00edas. En el contexto actual se tiene presente la posibilidad de reasignaci\u00f3n y expansi\u00f3n de camas COVID-19 en los sectores preparados para ello. Si bien en los \u00faltimos d\u00edas se est\u00e1 observando una estabilidad en el n\u00famero promedio de casos, con una leve tendencia a la baja, el nivel todav\u00eda es elevado.<\/p>\n\n\n\n<p>\u201cContamos con una planificaci\u00f3n y una estrategia de contenci\u00f3n de pandemia, que la llevamos a cabo desde el d\u00eda uno, nuestro sistema sanitario est\u00e1 preparado y las camas se ir\u00e1n expandiendo de acuerdo a la necesidad epidemiol\u00f3gica de la provincia\u201d, subray\u00f3 la ministra de Salud P\u00fablica.<\/p>\n","protected":false},"excerpt":{"rendered":"<p>En la ma\u00f1ana de este s\u00e1bado, la ministra de Salud P\u00fablica del Chaco, Paola Ben\u00edtez mantuvo una reuni\u00f3n con el equipo directivo y operativo del hospital Julio C. Perrando y del hospital Modular, como parte del plan de trabajo que la cartera sanitaria lleva adelante desde el comienzo de la pandemia por COVID-19. \u201cEl sistema &hellip;<\/p>\n","protected":false},"author":2,"featured_media":25350,"comment_status":"open","ping_status":"open","sticky":false,"template":"","format":"standard","meta":{"_jetpack_memberships_contains_paid_content":false,"footnotes":"","jetpack_publicize_message":"","jetpack_publicize_feature_enabled":true,"jetpack_social_post_already_shared":false,"jetpack_social_options":{"image_generator_settings":{"template":"highway","default_image_id":0,"font":"","enabled":false},"version":2}},"categories":[5,46],"tags":[],"class_list":["post-25349","post","type-post","status-publish","format-standard","has-post-thumbnail","hentry","category-chaco","category-salud"],"jetpack_publicize_connections":[],"jetpack_featured_media_url":"https:\/\/portalmovil.com.ar\/wp-content\/uploads\/2021\/04\/ddb1535c45f37adbb16f84e2bf2220ba.jpg","jetpack_sharing_enabled":true,"amp_enabled":true,"_links":{"self":[{"href":"https:\/\/portalmovil.com.ar\/index.php\/wp-json\/wp\/v2\/posts\/25349","targetHints":{"allow":["GET"]}}],"collection":[{"href":"https:\/\/portalmovil.com.ar\/index.php\/wp-json\/wp\/v2\/posts"}],"about":[{"href":"https:\/\/portalmovil.com.ar\/index.php\/wp-json\/wp\/v2\/types\/post"}],"author":[{"embeddable":true,"href":"https:\/\/portalmovil.com.ar\/index.php\/wp-json\/wp\/v2\/users\/2"}],"replies":[{"embeddable":true,"href":"https:\/\/portalmovil.com.ar\/index.php\/wp-json\/wp\/v2\/comments?post=25349"}],"version-history":[{"count":1,"href":"https:\/\/portalmovil.com.ar\/index.php\/wp-json\/wp\/v2\/posts\/25349\/revisions"}],"predecessor-version":[{"id":25351,"href":"https:\/\/portalmovil.com.ar\/index.php\/wp-json\/wp\/v2\/posts\/25349\/revisions\/25351"}],"wp:featuredmedia":[{"embeddable":true,"href":"https:\/\/portalmovil.com.ar\/index.php\/wp-json\/wp\/v2\/media\/25350"}],"wp:attachment":[{"href":"https:\/\/portalmovil.com.ar\/index.php\/wp-json\/wp\/v2\/media?parent=25349"}],"wp:term":[{"taxonomy":"category","embeddable":true,"href":"https:\/\/portalmovil.com.ar\/index.php\/wp-json\/wp\/v2\/categories?post=25349"},{"taxonomy":"post_tag","embeddable":true,"href":"https:\/\/portalmovil.com.ar\/index.php\/wp-json\/wp\/v2\/tags?post=25349"}],"curies":[{"name":"wp","href":"https:\/\/api.w.org\/{rel}","templated":true}]}}