{"id":25218,"date":"2021-04-23T11:26:53","date_gmt":"2021-04-23T14:26:53","guid":{"rendered":"https:\/\/portalmovil.com.ar\/?p=25218"},"modified":"2021-04-23T11:26:54","modified_gmt":"2021-04-23T14:26:54","slug":"establecieron-las-condiciones-del-programa-repro-ii-para-los-salarios-de-abril","status":"publish","type":"post","link":"https:\/\/portalmovil.com.ar\/index.php\/2021\/04\/23\/establecieron-las-condiciones-del-programa-repro-ii-para-los-salarios-de-abril\/","title":{"rendered":"Establecieron las condiciones del Programa Repro II para los salarios de abril"},"content":{"rendered":"\n<p>Adem\u00e1s, el Ministerio de Trabajo habilit\u00f3 la inscripci\u00f3n al Programa de Asistencia de Emergencia al Sector Gastron\u00f3mico Independiente.<\/p>\n\n\n\n<p>Los empleadores que necesiten inscribirse en el programa Repro II para el pago de los salarios de abril, podr\u00e1n hacerlo desde el lunes pr\u00f3ximo hasta el 3 de mayo inclusive, dispuso este viernes el Ministerio de Trabajo.<\/p>\n\n\n\n<p>En ese mismo per\u00edodo estar\u00e1 abierta la inscripci\u00f3n para acceder al \u00abPrograma de Asistencia de Emergencia al Sector Gastron\u00f3mico Independiente\u00bb, que fue creado oficialmente el lunes \u00faltimo.<\/p>\n\n\n\n<p>As\u00ed lo determin\u00f3 la Resoluci\u00f3n 206\/2021, publicada este viernes en el Bolet\u00edn Oficial.<\/p>\n\n\n\n<p>\u00abEstabl\u00e9cese el plazo para la inscripci\u00f3n al Programa Repro II, creado por Resoluci\u00f3n del Ministerio de Trabajo N\u00b0 938\/20 y sus modificatorias y complementarias, para el per\u00edodo correspondiente a los salarios devengados durante abril de 2021, el cual estar\u00e1 comprendido entre el 26 de abril y 3 de mayo de 2021\u00bb, de acuerdo con el texto oficial.<\/p>\n\n\n\n<p>Adem\u00e1s, el Poder Ejecutivo estableci\u00f3 las pautas a considerar para aplicar los criterios de preselecci\u00f3n, respecto a las fechas de facturaci\u00f3n y n\u00f3mina de las empresas que quieran acceder al beneficio del Programa, con el siguiente detalle:<\/p>\n\n\n\n<ul class=\"wp-block-list\"><li>Meses seleccionados para el c\u00e1lculo de la variaci\u00f3n interanual de la facturaci\u00f3n: marzo de 2019 y marzo de 2021.<\/li><li>Altas empresas: No se deber\u00e1 considerar la facturaci\u00f3n para las empresas iniciadas a partir del 1\u00ba de enero de 2019.<\/li><li>Mes seleccionado para determinar la n\u00f3mina de personal y los salarios de referencia: marzo 2021.<\/li><\/ul>\n\n\n\n<p>Para el programa de asistencia al sector gastron\u00f3mico, las pautas son las siguientes:<\/p>\n\n\n\n<ul class=\"wp-block-list\"><li>Las trabajadoras y los trabajadores encuadrados en los Reg\u00edmenes de Monotributo o Aut\u00f3nomo, con empleo dependiente en marzo de 2021, se inscribir\u00e1n en el servicio Repro II del sitio web de la AFIP, desde el 26 de abril al 3 de mayo de 2021 inclusive.<\/li><li>Las trabajadoras y los trabajadores encuadrados en los Reg\u00edmenes de Monotributo o Aut\u00f3nomo, sin empleo dependiente en marzo de 2021, se inscribir\u00e1n en el mismo sitio desde el 28 de abril hasta el 3 de mayo de 2021 inclusive.<\/li><\/ul>\n\n\n\n<p>El Repro II consiste en una suma dineraria individual y fija a abonar a los trabajadores y las trabajadoras, a cuenta del pago de las remuneraciones a cargo de los empleadores y las empleadoras adheridos al Programa.<\/p>\n\n\n\n<p>En tanto, el Programa de Asistencia de Emergencia al Sector Gastron\u00f3mico Independiente, implica el pago de hasta 18 mil pesos a trabajadores independientes de esa actividad, encuadrados en el monotributo a en el R\u00e9gimen de Trabajo Aut\u00f3nomo.<\/p>\n\n\n\n<p>Seg\u00fan el Gobierno, \u00abcon el objeto de permitir que el universo de potenciales sujetos alcanzados puedan acceder los beneficios establecidos\u00bb en ambos Programas, \u00abse estima necesario establecer el plazo para la inscripci\u00f3n para el per\u00edodo correspondiente a los salarios devengados en abril de 2021, a trav\u00e9s del servicio web de la AFIP, y las pautas a considerar para aplicar los criterios de preselecci\u00f3n, respecto a las fechas de facturaci\u00f3n y n\u00f3mina de las empresas que quieran acceder al beneficio\u00bb.<\/p>\n","protected":false},"excerpt":{"rendered":"<p>Adem\u00e1s, el Ministerio de Trabajo habilit\u00f3 la inscripci\u00f3n al Programa de Asistencia de Emergencia al Sector Gastron\u00f3mico Independiente. Los empleadores que necesiten inscribirse en el programa Repro II para el pago de los salarios de abril, podr\u00e1n hacerlo desde el lunes pr\u00f3ximo hasta el 3 de mayo inclusive, dispuso este viernes el Ministerio de Trabajo. &hellip;<\/p>\n","protected":false},"author":2,"featured_media":25219,"comment_status":"open","ping_status":"open","sticky":false,"template":"","format":"standard","meta":{"_jetpack_memberships_contains_paid_content":false,"footnotes":"","jetpack_publicize_message":"","jetpack_publicize_feature_enabled":true,"jetpack_social_post_already_shared":false,"jetpack_social_options":{"image_generator_settings":{"template":"highway","default_image_id":0,"font":"","enabled":false},"version":2}},"categories":[639,175],"tags":[],"class_list":["post-25218","post","type-post","status-publish","format-standard","has-post-thumbnail","hentry","category-argentina","category-economia"],"jetpack_publicize_connections":[],"jetpack_featured_media_url":"https:\/\/portalmovil.com.ar\/wp-content\/uploads\/2021\/04\/371799_repro_ii.jpg","jetpack_sharing_enabled":true,"amp_enabled":true,"_links":{"self":[{"href":"https:\/\/portalmovil.com.ar\/index.php\/wp-json\/wp\/v2\/posts\/25218","targetHints":{"allow":["GET"]}}],"collection":[{"href":"https:\/\/portalmovil.com.ar\/index.php\/wp-json\/wp\/v2\/posts"}],"about":[{"href":"https:\/\/portalmovil.com.ar\/index.php\/wp-json\/wp\/v2\/types\/post"}],"author":[{"embeddable":true,"href":"https:\/\/portalmovil.com.ar\/index.php\/wp-json\/wp\/v2\/users\/2"}],"replies":[{"embeddable":true,"href":"https:\/\/portalmovil.com.ar\/index.php\/wp-json\/wp\/v2\/comments?post=25218"}],"version-history":[{"count":1,"href":"https:\/\/portalmovil.com.ar\/index.php\/wp-json\/wp\/v2\/posts\/25218\/revisions"}],"predecessor-version":[{"id":25220,"href":"https:\/\/portalmovil.com.ar\/index.php\/wp-json\/wp\/v2\/posts\/25218\/revisions\/25220"}],"wp:featuredmedia":[{"embeddable":true,"href":"https:\/\/portalmovil.com.ar\/index.php\/wp-json\/wp\/v2\/media\/25219"}],"wp:attachment":[{"href":"https:\/\/portalmovil.com.ar\/index.php\/wp-json\/wp\/v2\/media?parent=25218"}],"wp:term":[{"taxonomy":"category","embeddable":true,"href":"https:\/\/portalmovil.com.ar\/index.php\/wp-json\/wp\/v2\/categories?post=25218"},{"taxonomy":"post_tag","embeddable":true,"href":"https:\/\/portalmovil.com.ar\/index.php\/wp-json\/wp\/v2\/tags?post=25218"}],"curies":[{"name":"wp","href":"https:\/\/api.w.org\/{rel}","templated":true}]}}