{"id":24164,"date":"2021-04-09T14:03:06","date_gmt":"2021-04-09T17:03:06","guid":{"rendered":"https:\/\/portalmovil.com.ar\/?p=24164"},"modified":"2021-04-09T14:03:14","modified_gmt":"2021-04-09T17:03:14","slug":"realizaron-el-primer-encuentro-de-comisarias-abiertas","status":"publish","type":"post","link":"https:\/\/portalmovil.com.ar\/index.php\/2021\/04\/09\/realizaron-el-primer-encuentro-de-comisarias-abiertas\/","title":{"rendered":"Realizaron el primer encuentro de Comisarias Abiertas"},"content":{"rendered":"\n<p>El Ministerio de Seguridad y Justicia realiz\u00f3, este jueves, el primer encuentro oficial del Programa Comisar\u00edas Abiertas, que promueve una reuni\u00f3n entre autoridades y las y los vecinos en cada una de las comisar\u00edas de la provincia, de forma simult\u00e1nea. El objetivo es evaluar y coordinar las pol\u00edticas p\u00fablicas de seguridad.<\/p>\n\n\n\n<p>En la Comisar\u00eda Primera participaron la ministra de Seguridad Gloria Zalazar, el jefe de Polic\u00eda del Chaco Ariel Acu\u00f1a, y el subsecretario de Relaciones Institucionales Gerardo Stancheff, junto a vecinos de la jurisdicci\u00f3n y personal policial. En la Comisar\u00eda Octava asisti\u00f3 el subsecretario Leandro \u00c1lvarez con el subjefe de Polic\u00eda del Chaco David Vega y en la Comisar\u00eda Novena el subsecretario Juan Basail.<\/p>\n\n\n\n<p>\u201cLa idea es profundizar la participaci\u00f3n ciudadana en seguridad, una de las metas del Ministerio en el Plan 2030 del Gobierno\u00bb, indic\u00f3 la ministra Zalazar.<\/p>\n\n\n\n<p>El objetivo de este espacio es generar una relaci\u00f3n directa entre las y los vecinos, la Polic\u00eda del Chaco y las y los funcionarios responsables de la seguridad p\u00fablica provincial, para acercar reclamos y sugerencias, y evaluar las soluciones implementadas.<\/p>\n\n\n\n<p>\u00abEntendemos que la seguridad tiene un responsable, que somos quienes generamos las pol\u00edticas, pero a la seguridad \u2013como valor- la tenemos que construir entre todos\u201d, se\u00f1al\u00f3 Zalazar.<\/p>\n\n\n\n<p>De esta forma el Ministerio cumple con un deber del Estado provincial de promover y garantizar igualdad de oportunidades y participaci\u00f3n de los vecinos en la seguridad p\u00fablica.<\/p>\n\n\n\n<p>La ministra adelant\u00f3 que en la Comisar\u00eda Primera surgieron inquietudes puntuales, que ser\u00e1n convertidas en medidas para prevenir el delito en las inmediaciones; asimismo surgieron demandas a otras \u00e1reas de Gobierno que ser\u00e1n derivadas, y se extender\u00e1 la participaci\u00f3n a fiscales, que tambi\u00e9n colaboran para incrementar la seguridad.<\/p>\n\n\n\n<p>Estos encuentros vienen a efectivizar la actuaci\u00f3n de los Foros Vecinales y los Consejos Municipales de Seguridad P\u00fablica, con la asistencia de la Subsecretar\u00eda de Relaciones Institucionales y sus mecanismos de coordinaci\u00f3n y articulaci\u00f3n con diferentes \u00e1reas del Estado.<\/p>\n","protected":false},"excerpt":{"rendered":"<p>El Ministerio de Seguridad y Justicia realiz\u00f3, este jueves, el primer encuentro oficial del Programa Comisar\u00edas Abiertas, que promueve una reuni\u00f3n entre autoridades y las y los vecinos en cada una de las comisar\u00edas de la provincia, de forma simult\u00e1nea. El objetivo es evaluar y coordinar las pol\u00edticas p\u00fablicas de seguridad. En la Comisar\u00eda Primera &hellip;<\/p>\n","protected":false},"author":2,"featured_media":24166,"comment_status":"open","ping_status":"open","sticky":false,"template":"","format":"standard","meta":{"_jetpack_memberships_contains_paid_content":false,"footnotes":"","jetpack_publicize_message":"","jetpack_publicize_feature_enabled":true,"jetpack_social_post_already_shared":true,"jetpack_social_options":{"image_generator_settings":{"template":"highway","default_image_id":0,"font":"","enabled":false},"version":2}},"categories":[5,8],"tags":[],"class_list":["post-24164","post","type-post","status-publish","format-standard","has-post-thumbnail","hentry","category-chaco","category-policiales"],"jetpack_publicize_connections":[],"jetpack_featured_media_url":"https:\/\/portalmovil.com.ar\/wp-content\/uploads\/2021\/04\/95afaf9b9e3c4164eb6498f2608890c1.jpg","jetpack_sharing_enabled":true,"amp_enabled":true,"_links":{"self":[{"href":"https:\/\/portalmovil.com.ar\/index.php\/wp-json\/wp\/v2\/posts\/24164","targetHints":{"allow":["GET"]}}],"collection":[{"href":"https:\/\/portalmovil.com.ar\/index.php\/wp-json\/wp\/v2\/posts"}],"about":[{"href":"https:\/\/portalmovil.com.ar\/index.php\/wp-json\/wp\/v2\/types\/post"}],"author":[{"embeddable":true,"href":"https:\/\/portalmovil.com.ar\/index.php\/wp-json\/wp\/v2\/users\/2"}],"replies":[{"embeddable":true,"href":"https:\/\/portalmovil.com.ar\/index.php\/wp-json\/wp\/v2\/comments?post=24164"}],"version-history":[{"count":1,"href":"https:\/\/portalmovil.com.ar\/index.php\/wp-json\/wp\/v2\/posts\/24164\/revisions"}],"predecessor-version":[{"id":24167,"href":"https:\/\/portalmovil.com.ar\/index.php\/wp-json\/wp\/v2\/posts\/24164\/revisions\/24167"}],"wp:featuredmedia":[{"embeddable":true,"href":"https:\/\/portalmovil.com.ar\/index.php\/wp-json\/wp\/v2\/media\/24166"}],"wp:attachment":[{"href":"https:\/\/portalmovil.com.ar\/index.php\/wp-json\/wp\/v2\/media?parent=24164"}],"wp:term":[{"taxonomy":"category","embeddable":true,"href":"https:\/\/portalmovil.com.ar\/index.php\/wp-json\/wp\/v2\/categories?post=24164"},{"taxonomy":"post_tag","embeddable":true,"href":"https:\/\/portalmovil.com.ar\/index.php\/wp-json\/wp\/v2\/tags?post=24164"}],"curies":[{"name":"wp","href":"https:\/\/api.w.org\/{rel}","templated":true}]}}