{"id":24118,"date":"2021-04-08T20:25:30","date_gmt":"2021-04-08T23:25:30","guid":{"rendered":"https:\/\/portalmovil.com.ar\/?p=24118"},"modified":"2021-04-08T20:25:34","modified_gmt":"2021-04-08T23:25:34","slug":"inseguridad-sin-limites-se-robaron-ventiladores-en-una-parroquia-en-margarita-belen","status":"publish","type":"post","link":"https:\/\/portalmovil.com.ar\/index.php\/2021\/04\/08\/inseguridad-sin-limites-se-robaron-ventiladores-en-una-parroquia-en-margarita-belen\/","title":{"rendered":"Inseguridad sin l\u00edmites, se robaron ventiladores en una parroquia en Margarita Bel\u00e9n"},"content":{"rendered":"\n<p>La\u00a0inseguridad\u00a0golpea a todos por igual. Esta vez la iglesia la inmaculada concepci\u00f3n de la localidad mencionada, sufri\u00f3 el robo de varios ventiladores y otros elementos. <\/p>\n\n\n\n<p>El Sacerdote P\u00e1rroco radico la denuncia en la comisaria local, haciendo menci\u00f3n que en los \u00faltimos d\u00edas, notaba faltantes de algunos reflectores en las afuera de dicha instituci\u00f3n.  Esta ma\u00f1ana observo que la puerta lateral se encontraba abierta en par en par con las faltantes de los ventiladores. Los cuales se hallaban fijos en las paredes, que al parecer fueron destornillaron del lugar. <\/p>\n\n\n\n<p>A pesar de radicar la denuncia sobre el hecho, la polic\u00eda intenta dar con los elementos robados e identificar a los autores.<\/p>\n","protected":false},"excerpt":{"rendered":"<p>La\u00a0inseguridad\u00a0golpea a todos por igual. Esta vez la iglesia la inmaculada concepci\u00f3n de la localidad mencionada, sufri\u00f3 el robo de varios ventiladores y otros elementos. El Sacerdote P\u00e1rroco radico la denuncia en la comisaria local, haciendo menci\u00f3n que en los \u00faltimos d\u00edas, notaba faltantes de algunos reflectores en las afuera de dicha instituci\u00f3n. Esta ma\u00f1ana &hellip;<\/p>\n","protected":false},"author":2,"featured_media":24119,"comment_status":"open","ping_status":"open","sticky":false,"template":"","format":"standard","meta":{"_jetpack_memberships_contains_paid_content":false,"footnotes":"","jetpack_publicize_message":"","jetpack_publicize_feature_enabled":true,"jetpack_social_post_already_shared":true,"jetpack_social_options":{"image_generator_settings":{"template":"highway","default_image_id":0,"font":"","enabled":false},"version":2}},"categories":[5,8],"tags":[],"class_list":["post-24118","post","type-post","status-publish","format-standard","has-post-thumbnail","hentry","category-chaco","category-policiales"],"jetpack_publicize_connections":[],"jetpack_featured_media_url":"https:\/\/portalmovil.com.ar\/wp-content\/uploads\/2021\/04\/d86e8f6f-5142-4b9e-aa75-e35ee665a71c.jpg","jetpack_sharing_enabled":true,"amp_enabled":true,"_links":{"self":[{"href":"https:\/\/portalmovil.com.ar\/index.php\/wp-json\/wp\/v2\/posts\/24118","targetHints":{"allow":["GET"]}}],"collection":[{"href":"https:\/\/portalmovil.com.ar\/index.php\/wp-json\/wp\/v2\/posts"}],"about":[{"href":"https:\/\/portalmovil.com.ar\/index.php\/wp-json\/wp\/v2\/types\/post"}],"author":[{"embeddable":true,"href":"https:\/\/portalmovil.com.ar\/index.php\/wp-json\/wp\/v2\/users\/2"}],"replies":[{"embeddable":true,"href":"https:\/\/portalmovil.com.ar\/index.php\/wp-json\/wp\/v2\/comments?post=24118"}],"version-history":[{"count":1,"href":"https:\/\/portalmovil.com.ar\/index.php\/wp-json\/wp\/v2\/posts\/24118\/revisions"}],"predecessor-version":[{"id":24120,"href":"https:\/\/portalmovil.com.ar\/index.php\/wp-json\/wp\/v2\/posts\/24118\/revisions\/24120"}],"wp:featuredmedia":[{"embeddable":true,"href":"https:\/\/portalmovil.com.ar\/index.php\/wp-json\/wp\/v2\/media\/24119"}],"wp:attachment":[{"href":"https:\/\/portalmovil.com.ar\/index.php\/wp-json\/wp\/v2\/media?parent=24118"}],"wp:term":[{"taxonomy":"category","embeddable":true,"href":"https:\/\/portalmovil.com.ar\/index.php\/wp-json\/wp\/v2\/categories?post=24118"},{"taxonomy":"post_tag","embeddable":true,"href":"https:\/\/portalmovil.com.ar\/index.php\/wp-json\/wp\/v2\/tags?post=24118"}],"curies":[{"name":"wp","href":"https:\/\/api.w.org\/{rel}","templated":true}]}}