{"id":24071,"date":"2021-04-08T10:06:01","date_gmt":"2021-04-08T13:06:01","guid":{"rendered":"https:\/\/portalmovil.com.ar\/?p=24071"},"modified":"2021-04-08T10:56:02","modified_gmt":"2021-04-08T13:56:02","slug":"interpol-lanza-un-alerta-roja-contra-juan-darthes-y-en-brasil-inician-una-denuncia-penal","status":"publish","type":"post","link":"https:\/\/portalmovil.com.ar\/index.php\/2021\/04\/08\/interpol-lanza-un-alerta-roja-contra-juan-darthes-y-en-brasil-inician-una-denuncia-penal\/","title":{"rendered":"Interpol lanza un alerta roja contra Juan Darth\u00e9s y en Brasil inician una denuncia penal"},"content":{"rendered":"\n<p>Lo comunic\u00f3 Actrices Argentinas en la conferencia de Thelma Fardin, que estuvo acompa\u00f1ada por su equipo de abogados, el colectivo de Actrices Argentinas y Amnist\u00eda Internacional. La denuncia comenzar\u00eda a tratarse en Brasil, donde el acusado vive por tener doble nacionalidad.<\/p>\n\n\n\n<p>\u00abInterpol inici\u00f3 una alerta roja respecto del acusado. Esto no es por el resultado de una suma decisi\u00f3n que Interpol sino que se filtra con una junta de especialistas, que depende de Interpol, que depende de los Estados\u00bb, coment\u00f3 el abogado representante durante una conferencia de prensa emitida en Instagram por Actrices Argentinas.<\/p>\n\n\n\n<p>A su vez, explic\u00f3 que la Corte Suprema de Justicia de Nicaragua aval\u00f3 la extradici\u00f3n de Darth\u00e9s de su pa\u00eds natal, donde se refugi\u00f3 tras la denuncia.<\/p>\n\n\n\n<p>As\u00ed mismo, afirm\u00f3 que, aunque la constituci\u00f3n de Brasil no permite extraditar a los nacionales, el C\u00f3digo Penal s\u00ed permite juzgar a los nativos por delitos cometidos en el exterior, por lo que se inici\u00f3 all\u00ed una actuaci\u00f3n de oficio.<\/p>\n\n\n\n<p>\u00abDesde el ministerio P\u00fablico Fiscal de Brasil iniciaron un proceso penal contra Juan Darth\u00e9s. Y ayer, se realiz\u00f3 una acusaci\u00f3n formal que se encuentra ahora a resoluci\u00f3n del juez que interviene. Si el juez considera que el Ministerio P\u00fablico Fiscal tiene raz\u00f3n para que exista m\u00e9rito, abra el proceso y convoque a las partes a una audiencia para continuar el proceso\u00bb, explic\u00f3 el letrado.<\/p>\n\n\n\n<p>El delito es estupro agravado, uno de los delitos m\u00e1s graves del ordenamiento jur\u00eddico. La pena m\u00e1xima que contempla es de 12 a\u00f1os de prisi\u00f3n.<\/p>\n\n\n\n<p>Fardin inici\u00f3 una denuncia penal en Nicaragua el 11 de diciembre por violaci\u00f3n contra Darth\u00e9s, acusado de haberla abusado durante una gira laboral, cuando la actriz era menor de edad. \u00abQueremos hacer publica esta victoria para corroborar que a pesar de los obst\u00e1culos este es un camino que no tiene vuelta atr\u00e1s\u00bb, afirmaron en un comunicado Actrices Argentinas.<\/p>\n","protected":false},"excerpt":{"rendered":"<p>Lo comunic\u00f3 Actrices Argentinas en la conferencia de Thelma Fardin, que estuvo acompa\u00f1ada por su equipo de abogados, el colectivo de Actrices Argentinas y Amnist\u00eda Internacional. La denuncia comenzar\u00eda a tratarse en Brasil, donde el acusado vive por tener doble nacionalidad. \u00abInterpol inici\u00f3 una alerta roja respecto del acusado. Esto no es por el resultado &hellip;<\/p>\n","protected":false},"author":2,"featured_media":23910,"comment_status":"open","ping_status":"open","sticky":false,"template":"","format":"standard","meta":{"_jetpack_memberships_contains_paid_content":false,"footnotes":"","jetpack_publicize_message":"","jetpack_publicize_feature_enabled":true,"jetpack_social_post_already_shared":true,"jetpack_social_options":{"image_generator_settings":{"template":"highway","default_image_id":0,"font":"","enabled":false},"version":2}},"categories":[639,50],"tags":[],"class_list":["post-24071","post","type-post","status-publish","format-standard","has-post-thumbnail","hentry","category-argentina","category-judiciales"],"jetpack_publicize_connections":[],"jetpack_featured_media_url":"https:\/\/portalmovil.com.ar\/wp-content\/uploads\/2021\/04\/5ZMVATUKVRAO3B235AH3NUMY7Y.jpg","jetpack_sharing_enabled":true,"amp_enabled":true,"_links":{"self":[{"href":"https:\/\/portalmovil.com.ar\/index.php\/wp-json\/wp\/v2\/posts\/24071","targetHints":{"allow":["GET"]}}],"collection":[{"href":"https:\/\/portalmovil.com.ar\/index.php\/wp-json\/wp\/v2\/posts"}],"about":[{"href":"https:\/\/portalmovil.com.ar\/index.php\/wp-json\/wp\/v2\/types\/post"}],"author":[{"embeddable":true,"href":"https:\/\/portalmovil.com.ar\/index.php\/wp-json\/wp\/v2\/users\/2"}],"replies":[{"embeddable":true,"href":"https:\/\/portalmovil.com.ar\/index.php\/wp-json\/wp\/v2\/comments?post=24071"}],"version-history":[{"count":1,"href":"https:\/\/portalmovil.com.ar\/index.php\/wp-json\/wp\/v2\/posts\/24071\/revisions"}],"predecessor-version":[{"id":24072,"href":"https:\/\/portalmovil.com.ar\/index.php\/wp-json\/wp\/v2\/posts\/24071\/revisions\/24072"}],"wp:featuredmedia":[{"embeddable":true,"href":"https:\/\/portalmovil.com.ar\/index.php\/wp-json\/wp\/v2\/media\/23910"}],"wp:attachment":[{"href":"https:\/\/portalmovil.com.ar\/index.php\/wp-json\/wp\/v2\/media?parent=24071"}],"wp:term":[{"taxonomy":"category","embeddable":true,"href":"https:\/\/portalmovil.com.ar\/index.php\/wp-json\/wp\/v2\/categories?post=24071"},{"taxonomy":"post_tag","embeddable":true,"href":"https:\/\/portalmovil.com.ar\/index.php\/wp-json\/wp\/v2\/tags?post=24071"}],"curies":[{"name":"wp","href":"https:\/\/api.w.org\/{rel}","templated":true}]}}