{"id":24049,"date":"2021-04-07T19:58:04","date_gmt":"2021-04-07T22:58:04","guid":{"rendered":"https:\/\/portalmovil.com.ar\/?p=24049"},"modified":"2021-04-07T19:58:06","modified_gmt":"2021-04-07T22:58:06","slug":"las-nuevas-medidas-del-gobierno-nacional-para-mitigar-la-segunda-ola-de-coronavirus","status":"publish","type":"post","link":"https:\/\/portalmovil.com.ar\/index.php\/2021\/04\/07\/las-nuevas-medidas-del-gobierno-nacional-para-mitigar-la-segunda-ola-de-coronavirus\/","title":{"rendered":"Las nuevas medidas del gobierno nacional para mitigar la segunda ola de coronavirus"},"content":{"rendered":"\n<p>Desde Olivos, el presidente Alberto Fern\u00e1ndez anunci\u00f3 nuevas medidas que comenzar\u00e1n a regir desde las 00 de este viernes 9 de abril.<\/p>\n\n\n\n<p>El presidente Alberto Fern\u00e1ndez anunci\u00f3 hoy que quedan suspendidos en todo el pa\u00eds los \u00abviajes grupales\u00bb, de egresados o por otros motivos tur\u00edsticos, a causa de la segunda ola de coronavirus; y que en las zonas de mayor riesgo sanitario se restringir\u00e1 la circulaci\u00f3n nocturna desde las 00 hasta las 06.<\/p>\n\n\n\n<p>En un mensaje televisado, tambi\u00e9n se\u00f1al\u00f3 que se vedar\u00e1n en esas zonas m\u00e1s cr\u00edticas las reuniones al aire libre para m\u00e1s de 20 personas, los bingos, casinos y discotecas permanecer\u00e1n cerrados; y los bares y restaurantes deber\u00e1n cesar su actividad a las 23.<\/p>\n\n\n\n<p>&nbsp;Las medidas anunciadas, una por una:<\/p>\n\n\n\n<p>-Se suspenden para todo el pa\u00eds los viajes grupales de Egresados y Egresadas, de Estudio y de Grupos Tur\u00edsticos.<\/p>\n\n\n\n<p>-En las zonas del pa\u00eds consideradas de mediano riesgo epidemiol\u00f3gico y sanitario es facultad y responsabilidad de gobernadores y gobernadoras adoptar en forma temprana medidas que disminuyan la circulaci\u00f3n para prevenir los contagios. Ello es as\u00ed, pues es del resorte exclusivo de las provincias el monitorear y hacer cumplir cualquier medida restrictiva de la circulaci\u00f3n.<\/p>\n\n\n\n<p>-En las zonas del pa\u00eds donde hay mayor riesgo epidemiol\u00f3gico y sanitario, se tomar\u00e1n adem\u00e1s las siguientes medidas.<\/p>\n\n\n\n<p>a. Se suspenden actividades sociales en domicilios particulares.<\/p>\n\n\n\n<p>b. Se suspenden reuniones sociales en espacios p\u00fablicos al aire libre de m\u00e1s de 20 personas.<\/p>\n\n\n\n<p>c. Se suspenden actividades de Casino, Bingo, Discotecas o cualquier sal\u00f3n de fiestas.<\/p>\n\n\n\n<p>d. Se suspende la pr\u00e1ctica recreativa de cualquier deporte en lugares cerrados donde participen m\u00e1s de 10 personas.<\/p>\n\n\n\n<p>e. Se establece el cierre de los bares y restaurantes a partir de las 23hs.<\/p>\n\n\n\n<p>f. Se proh\u00edbe la circulaci\u00f3n entre las 00.00 y las 06.00 de la ma\u00f1ana de cada d\u00eda. Seg\u00fan las jurisdicciones, las autoridades podr\u00e1n solo ampliar estos horarios en funci\u00f3n de las especificidades de cada lugar.<\/p>\n\n\n\n<p>-Espec\u00edficamente, en el AMBA s\u00f3lo podr\u00e1n usar el transporte p\u00fablico de pasajeros trabajadores considerados esenciales, toda la comunidad educativa y aquellos que ya fueron expresamente autorizados.<\/p>\n\n\n\n<p>-Estas medidas de cuidado estar\u00e1n vigentes desde las 00 horas de este viernes 9 de abril hasta el 30 de abril. El Gobierno Nacional evaluar\u00e1 cuidadosamente la correcta implementaci\u00f3n de las medidas.<\/p>\n\n\n\n<p>Fuente: T\u00e9lam<\/p>\n","protected":false},"excerpt":{"rendered":"<p>Desde Olivos, el presidente Alberto Fern\u00e1ndez anunci\u00f3 nuevas medidas que comenzar\u00e1n a regir desde las 00 de este viernes 9 de abril. El presidente Alberto Fern\u00e1ndez anunci\u00f3 hoy que quedan suspendidos en todo el pa\u00eds los \u00abviajes grupales\u00bb, de egresados o por otros motivos tur\u00edsticos, a causa de la segunda ola de coronavirus; y que &hellip;<\/p>\n","protected":false},"author":2,"featured_media":21169,"comment_status":"open","ping_status":"open","sticky":false,"template":"","format":"standard","meta":{"_jetpack_memberships_contains_paid_content":false,"footnotes":"","jetpack_publicize_message":"","jetpack_publicize_feature_enabled":true,"jetpack_social_post_already_shared":true,"jetpack_social_options":{"image_generator_settings":{"template":"highway","default_image_id":0,"font":"","enabled":false},"version":2}},"categories":[28,639],"tags":[],"class_list":["post-24049","post","type-post","status-publish","format-standard","has-post-thumbnail","hentry","category-actualidad","category-argentina"],"jetpack_publicize_connections":[],"jetpack_featured_media_url":"https:\/\/portalmovil.com.ar\/wp-content\/uploads\/2021\/02\/alberto-fernandez-se-refirio-la-entrevista-que-concedio-al-expresidenta.jpg","jetpack_sharing_enabled":true,"amp_enabled":true,"_links":{"self":[{"href":"https:\/\/portalmovil.com.ar\/index.php\/wp-json\/wp\/v2\/posts\/24049","targetHints":{"allow":["GET"]}}],"collection":[{"href":"https:\/\/portalmovil.com.ar\/index.php\/wp-json\/wp\/v2\/posts"}],"about":[{"href":"https:\/\/portalmovil.com.ar\/index.php\/wp-json\/wp\/v2\/types\/post"}],"author":[{"embeddable":true,"href":"https:\/\/portalmovil.com.ar\/index.php\/wp-json\/wp\/v2\/users\/2"}],"replies":[{"embeddable":true,"href":"https:\/\/portalmovil.com.ar\/index.php\/wp-json\/wp\/v2\/comments?post=24049"}],"version-history":[{"count":1,"href":"https:\/\/portalmovil.com.ar\/index.php\/wp-json\/wp\/v2\/posts\/24049\/revisions"}],"predecessor-version":[{"id":24050,"href":"https:\/\/portalmovil.com.ar\/index.php\/wp-json\/wp\/v2\/posts\/24049\/revisions\/24050"}],"wp:featuredmedia":[{"embeddable":true,"href":"https:\/\/portalmovil.com.ar\/index.php\/wp-json\/wp\/v2\/media\/21169"}],"wp:attachment":[{"href":"https:\/\/portalmovil.com.ar\/index.php\/wp-json\/wp\/v2\/media?parent=24049"}],"wp:term":[{"taxonomy":"category","embeddable":true,"href":"https:\/\/portalmovil.com.ar\/index.php\/wp-json\/wp\/v2\/categories?post=24049"},{"taxonomy":"post_tag","embeddable":true,"href":"https:\/\/portalmovil.com.ar\/index.php\/wp-json\/wp\/v2\/tags?post=24049"}],"curies":[{"name":"wp","href":"https:\/\/api.w.org\/{rel}","templated":true}]}}