{"id":23873,"date":"2021-04-05T16:19:03","date_gmt":"2021-04-05T19:19:03","guid":{"rendered":"https:\/\/portalmovil.com.ar\/?p=23873"},"modified":"2021-04-05T16:19:07","modified_gmt":"2021-04-05T19:19:07","slug":"mendoza-aplicara-un-toque-de-queda-nocturno-para-evitar-contagios","status":"publish","type":"post","link":"https:\/\/portalmovil.com.ar\/index.php\/2021\/04\/05\/mendoza-aplicara-un-toque-de-queda-nocturno-para-evitar-contagios\/","title":{"rendered":"Mendoza aplicar\u00e1 un TOQUE DE QUEDA nocturno para evitar contagios"},"content":{"rendered":"\n<p>Mendoza limitar\u00e1 a partir de la madrugada de este martes la circulaci\u00f3n de personas entre las 0.30 y las 5.30, y no habr\u00e1 cambios en cuanto a la presencialidad en las escuelas ni a las jornadas laborales y los diferentes trabajos, se anunci\u00f3 hoy en Casa de Gobierno provincial, en relaci\u00f3n a la pandemia de coronavirus.<\/p>\n\n\n\n<p>El gobernador Rodolfo Su\u00e1rez se reuni\u00f3 esta ma\u00f1ana junto a su gabinete y los intendentes, y decidieron comenzar a implementar estas nuevas restricciones ante la segunda ola de contagios por coronavirus.<\/p>\n\n\n\n<p>En conferencia de prensa, el ministro de Gobierno, V\u00edctor Iba\u00f1ez, confirm\u00f3 que la medida comenzar\u00e1 a regir desde esta misma noche, y se publicar\u00e1 en el Bolet\u00edn Oficial de ma\u00f1ana, y asegur\u00f3 que \u00abson medidas que en ning\u00fan caso afectan el empleo y la actividad comercial de la provincia\u00bb.<\/p>\n\n\n\n<h2 class=\"wp-block-heading\"><strong>LAS TRES MEDIDAS QUE TOMA MENDOZA<\/strong><\/h2>\n\n\n\n<p>1 &#8211; Restricci\u00f3n de circulaci\u00f3n y de todas las actividades, excepto las esenciales, entre las 0.30 y 5.30.<\/p>\n\n\n\n<p>2 &#8211; Eventos deportivos: Los que se realicen en lugares cerrados se tendr\u00e1n que desarrollar sin presencia de p\u00fablico. En lugares abiertos, un m\u00e1ximo de 250 personas.<\/p>\n\n\n\n<p>3 &#8211; Eventos sociales: Los que se realizan dentro de establecimientos, van a tener un l\u00edmite del 50% de la capacidad ocupacional, siempre con un tope m\u00e1ximo de 250 personas.Cuando se trata de espacios abiertos, no m\u00e1s de una persona por metro cuadrado y un l\u00edmite m\u00e1ximo de 250 personas.<\/p>\n","protected":false},"excerpt":{"rendered":"<p>Mendoza limitar\u00e1 a partir de la madrugada de este martes la circulaci\u00f3n de personas entre las 0.30 y las 5.30, y no habr\u00e1 cambios en cuanto a la presencialidad en las escuelas ni a las jornadas laborales y los diferentes trabajos, se anunci\u00f3 hoy en Casa de Gobierno provincial, en relaci\u00f3n a la pandemia de &hellip;<\/p>\n","protected":false},"author":2,"featured_media":23874,"comment_status":"open","ping_status":"open","sticky":false,"template":"","format":"standard","meta":{"_jetpack_memberships_contains_paid_content":false,"footnotes":"","jetpack_publicize_message":"","jetpack_publicize_feature_enabled":true,"jetpack_social_post_already_shared":true,"jetpack_social_options":{"image_generator_settings":{"template":"highway","default_image_id":0,"font":"","enabled":false},"version":2}},"categories":[28],"tags":[638],"class_list":["post-23873","post","type-post","status-publish","format-standard","has-post-thumbnail","hentry","category-actualidad","tag-mendoza"],"jetpack_publicize_connections":[],"jetpack_featured_media_url":"https:\/\/portalmovil.com.ar\/wp-content\/uploads\/2021\/04\/693cc7a0-a4e7-4088-b76c-55ab4b0d7e18.jpg","jetpack_sharing_enabled":true,"amp_enabled":true,"_links":{"self":[{"href":"https:\/\/portalmovil.com.ar\/index.php\/wp-json\/wp\/v2\/posts\/23873","targetHints":{"allow":["GET"]}}],"collection":[{"href":"https:\/\/portalmovil.com.ar\/index.php\/wp-json\/wp\/v2\/posts"}],"about":[{"href":"https:\/\/portalmovil.com.ar\/index.php\/wp-json\/wp\/v2\/types\/post"}],"author":[{"embeddable":true,"href":"https:\/\/portalmovil.com.ar\/index.php\/wp-json\/wp\/v2\/users\/2"}],"replies":[{"embeddable":true,"href":"https:\/\/portalmovil.com.ar\/index.php\/wp-json\/wp\/v2\/comments?post=23873"}],"version-history":[{"count":1,"href":"https:\/\/portalmovil.com.ar\/index.php\/wp-json\/wp\/v2\/posts\/23873\/revisions"}],"predecessor-version":[{"id":23875,"href":"https:\/\/portalmovil.com.ar\/index.php\/wp-json\/wp\/v2\/posts\/23873\/revisions\/23875"}],"wp:featuredmedia":[{"embeddable":true,"href":"https:\/\/portalmovil.com.ar\/index.php\/wp-json\/wp\/v2\/media\/23874"}],"wp:attachment":[{"href":"https:\/\/portalmovil.com.ar\/index.php\/wp-json\/wp\/v2\/media?parent=23873"}],"wp:term":[{"taxonomy":"category","embeddable":true,"href":"https:\/\/portalmovil.com.ar\/index.php\/wp-json\/wp\/v2\/categories?post=23873"},{"taxonomy":"post_tag","embeddable":true,"href":"https:\/\/portalmovil.com.ar\/index.php\/wp-json\/wp\/v2\/tags?post=23873"}],"curies":[{"name":"wp","href":"https:\/\/api.w.org\/{rel}","templated":true}]}}