{"id":2358,"date":"2020-02-24T17:00:53","date_gmt":"2020-02-24T20:00:53","guid":{"rendered":"http:\/\/portalmovil.com.ar\/?p=2358"},"modified":"2020-02-24T17:01:01","modified_gmt":"2020-02-24T20:01:01","slug":"el-gobierno-aumentara-la-prevencion-contra-el-denge-y-bloqueos-focales-con-mil-agentes","status":"publish","type":"post","link":"https:\/\/portalmovil.com.ar\/index.php\/2020\/02\/24\/el-gobierno-aumentara-la-prevencion-contra-el-denge-y-bloqueos-focales-con-mil-agentes\/","title":{"rendered":"El gobierno aumentar\u00e1 la prevenci\u00f3n contra el Denge y bloqueos focales con mil agentes"},"content":{"rendered":"\n<p>El gobernador Jorge Capitanich present\u00f3 este lunes un informe de situaci\u00f3n sobre los casos de dengue en la provincia y defini\u00f3 una serie de medidas para profundizar la prevenci\u00f3n: un alerta m\u00e1ximo en el sistema sanitario para la detecci\u00f3n de casos, el aporte de mil agentes para realizar bloqueos focales, y un sistema de partes diarios de informaci\u00f3n p\u00fablica. Adem\u00e1s, realiz\u00f3 un llamado a la comunidad para lograr una acci\u00f3n coordinada en la prevenci\u00f3n.<\/p>\n\n\n\n<p>En el marco del Plan de Contingencia contra el dengue, el mandatario inform\u00f3 que actualmente en la provincia hay 79 casos positivos, 29 confirmados y 372 notificaciones, el 55% de ellos en Resistencia. \u201cDe acuerdo a las estad\u00edsticas es necesario observar la evoluci\u00f3n semanal: estamos ante la proximidad de la semana nueve y con una tendencia creciente de cara a la semana 21, por eso estamos extremando las medidas\u201d, remarc\u00f3.&nbsp;<\/p>\n\n\n\n<p>Capitanich destac\u00f3 que la enfermedad no cuenta con una vacuna, por lo cual la prevenci\u00f3n se debe realizar socialmente. \u201cEl objetivo principal es eliminar la circulaci\u00f3n viral, para lo cual debemos evitar la propagaci\u00f3n de la larva, eliminando los posibles criaderos\u201d, detall\u00f3 y aclar\u00f3 que la fumigaci\u00f3n solo mata al mosquito maduro pero no al huevo o larva. \u201cEntre todos y todas tenemos que afrontar esta situaci\u00f3n, para erradicar al vector\u201d, expres\u00f3.&nbsp;<\/p>\n\n\n\n<p>Para las tareas de descacharrado y bloqueo de focos, el gobierno aporta mil agentes de vectores y se trabaja en conjunto con los municipios para intensificar las tareas. Se hicieron 100 bloqueos, 50 capacitaciones y 1000 actividades en toda la provincia. Adem\u00e1s se capacit\u00f3 a m\u00e9dicos y enfermeros quienes tienen la capacidad de identificar los s\u00edntomas para la detecci\u00f3n temprana (s\u00edndrome febril agudo inespec\u00edfico y cefalea), se garantiza el abastecimiento de paracetamol, la cantidad camas disponibles para los casos de internaci\u00f3n y el control de vectores.&nbsp;<\/p>\n\n\n\n<p>Al detectar un caso, se realiza un bloqueo focal en nueve manzanas a la redonda de donde se detecta un caso. \u201cSe busca erradicar los criaderos para evitar que se siga propagando la enfermedad y cortar la circulaci\u00f3n viral\u201d, resalt\u00f3 el gobernador, e insisti\u00f3 en la importancia de generar conciencia colectiva preventiva, generando las medidas de descacharrado en cada hogar, que eliminen los posibles criaderos. \u201cEs una acci\u00f3n mancomunada. Entre todos y todas tenemos que afrontar estas semanas que son cr\u00edticas\u201d, expres\u00f3 Capitanich.&nbsp;<\/p>\n\n\n\n<p>Adem\u00e1s, el gobernador anunci\u00f3 que se generar\u00e1, desde el Ministerio de Salud, un sistema de informaci\u00f3n con un parte diario donde se difundir\u00e1 la cantidad de casos. \u201cVamos a propiciar un sistema de informe permanente, claro y transparente con todo el equipo del Ministerio para informar sobre la evoluci\u00f3n de los casos, para que la comunidad est\u00e9 debidamente informada\u201d, asegur\u00f3 Capitanich.<\/p>\n\n\n\n<h3 class=\"wp-block-heading\">Corresponsabilidad y prevenci\u00f3n<\/h3>\n\n\n\n<p>La ministra de Salud del Chaco, Paola Ben\u00edtez destac\u00f3 el trabajo mancomunado que se viene llevando adelante desde el inicio de gesti\u00f3n entre el estado provincial, los municipios y la comunidad, en trabajos de prevenci\u00f3n y erradicaci\u00f3n de dengue.<\/p>\n\n\n\n<p>\u201cTenemos que tener en claro que somos corresponsables en la prevenci\u00f3n. El ministerio asume su responsabilidad y viene trabajando arduamente, pero es importante entender que el n\u00famero total de pacientes afectados va a depender de lo que hagamos en conjunto. Es un compromiso social que tenemos que asumir como habitantes de la provincia, a favor de la salud y en contra del dengue\u201d, expres\u00f3 la ministra.&nbsp;<\/p>\n\n\n\n<p>Por otro lado, la titular de la cartera puntualiz\u00f3 en seguir trabajando arduamente en la capacitaci\u00f3n de todos los sectores, que hacen trabajo en terreno, personal de salud, a fin de mejorar la calidad de asistencia en protocolos de actuaci\u00f3n ante pacientes con dengue. Ben\u00edtez record\u00f3 que, ante alguna situaci\u00f3n donde una persona presente fiebre, debe concurrir inmediatamente al centro de salud m\u00e1s cercano y comenzar, de ser necesario, el tratamiento adecuado, y no debe automedicarse.&nbsp;<\/p>\n\n\n\n<p>\u201cEs importante recordad que el dengue es una problem\u00e1tica que afecta a la salud de las personas y que en el 30% de los casos, podr\u00eda pasar desapercibido, sin presentar sintomatolog\u00eda; en otro porcentaje, puede presentar sintomatolog\u00eda leve que no requerir\u00e1 internaci\u00f3n\u201d afirm\u00f3.&nbsp;<\/p>\n\n\n\n<p>Por \u00faltimo, la funcionaria subray\u00f3 que la idea no es generar p\u00e1nico sino continuar reforzando las acciones con las distintas \u00e1reas: \u201cDebemos comprometernos, articulando con ministerios y desde la cartera de Salud, continuaremos otorgando las herramientas necesarias para que la poblaci\u00f3n cuente con los elementos para prevenirlo. Seguiremos trabajando con SAMEEP, Secretar\u00eda de Abordaje Territorial, el Ministerio de Seguridad que nos acompa\u00f1ar\u00e1 en las recorridas, la secretar\u00eda de Coordinaci\u00f3n de Municipios, que estar\u00e1 interviniendo en las intendencias de la provincia y el Ministerio de Educaci\u00f3n\u201d.<\/p>\n\n\n\n<h3 class=\"wp-block-heading\">Plan de Contingencia contra el dengue<\/h3>\n\n\n\n<p>El Ministerio de Salud P\u00fablica inform\u00f3 que el Plan de Contingencia se encuentra en su segunda etapa de desarrollo, con intervenciones en terreno. Se refuerza la prevenci\u00f3n secundaria, garantizando el reconocimiento temprano de la situaci\u00f3n y el tratamiento apropiado de los enfermos, con el objetivo de recabar datos fiables para tomar medidas que eviten la expansi\u00f3n de la enfermedad.<\/p>\n\n\n\n<p>Al notificar un caso, se generan alertas dirigidas a la Direcci\u00f3n de Epidemiolog\u00eda de la provincia, referentes provinciales y nacionales, a la Direcci\u00f3n de Epidemiolog\u00eda de la Naci\u00f3n, a los referentes de control de Vectores y a las bases nacionales de Vectores. La informaci\u00f3n llega incluso a la Organizaci\u00f3n Mundial de la Salud, a trav\u00e9s de informes nacionales.<\/p>\n\n\n\n<p>Adem\u00e1s se dispone de salas de situaci\u00f3n en las que, tras la localizaci\u00f3n del caso, se coordina con el servicio de salud del lugar, para informar de las acciones a los responsables locales, provinciales y nacionales. De confirmar un caso positivo, se realiza un bloqueo vectorial que consiste en la visita casa por casa en las nueve manzanas alrededor del caso, con la b\u00fasqueda de otros casos febriles, y se fortalecen las acciones de control focal, tras lo cual se fumigan esas nueve manzanas. La direcci\u00f3n de Epidemiolog\u00eda analiza la informaci\u00f3n y monitorea el curso de la situaci\u00f3n.<\/p>\n","protected":false},"excerpt":{"rendered":"<p>El gobernador Jorge Capitanich present\u00f3 este lunes un informe de situaci\u00f3n sobre los casos de dengue en la provincia y defini\u00f3 una serie de medidas para profundizar la prevenci\u00f3n: un alerta m\u00e1ximo en el sistema sanitario para la detecci\u00f3n de casos, el aporte de mil agentes para realizar bloqueos focales, y un sistema de partes &hellip;<\/p>\n","protected":false},"author":2,"featured_media":2359,"comment_status":"open","ping_status":"open","sticky":false,"template":"","format":"standard","meta":{"_jetpack_memberships_contains_paid_content":false,"footnotes":"","jetpack_publicize_message":"","jetpack_publicize_feature_enabled":true,"jetpack_social_post_already_shared":true,"jetpack_social_options":{"image_generator_settings":{"template":"highway","default_image_id":0,"font":"","enabled":false},"version":2}},"categories":[5,46,12],"tags":[],"class_list":["post-2358","post","type-post","status-publish","format-standard","has-post-thumbnail","hentry","category-chaco","category-salud","category-ultimo"],"jetpack_publicize_connections":[],"jetpack_featured_media_url":"https:\/\/portalmovil.com.ar\/wp-content\/uploads\/2020\/02\/20200224_094254-scaled.jpg","jetpack_sharing_enabled":true,"amp_enabled":true,"_links":{"self":[{"href":"https:\/\/portalmovil.com.ar\/index.php\/wp-json\/wp\/v2\/posts\/2358","targetHints":{"allow":["GET"]}}],"collection":[{"href":"https:\/\/portalmovil.com.ar\/index.php\/wp-json\/wp\/v2\/posts"}],"about":[{"href":"https:\/\/portalmovil.com.ar\/index.php\/wp-json\/wp\/v2\/types\/post"}],"author":[{"embeddable":true,"href":"https:\/\/portalmovil.com.ar\/index.php\/wp-json\/wp\/v2\/users\/2"}],"replies":[{"embeddable":true,"href":"https:\/\/portalmovil.com.ar\/index.php\/wp-json\/wp\/v2\/comments?post=2358"}],"version-history":[{"count":1,"href":"https:\/\/portalmovil.com.ar\/index.php\/wp-json\/wp\/v2\/posts\/2358\/revisions"}],"predecessor-version":[{"id":2360,"href":"https:\/\/portalmovil.com.ar\/index.php\/wp-json\/wp\/v2\/posts\/2358\/revisions\/2360"}],"wp:featuredmedia":[{"embeddable":true,"href":"https:\/\/portalmovil.com.ar\/index.php\/wp-json\/wp\/v2\/media\/2359"}],"wp:attachment":[{"href":"https:\/\/portalmovil.com.ar\/index.php\/wp-json\/wp\/v2\/media?parent=2358"}],"wp:term":[{"taxonomy":"category","embeddable":true,"href":"https:\/\/portalmovil.com.ar\/index.php\/wp-json\/wp\/v2\/categories?post=2358"},{"taxonomy":"post_tag","embeddable":true,"href":"https:\/\/portalmovil.com.ar\/index.php\/wp-json\/wp\/v2\/tags?post=2358"}],"curies":[{"name":"wp","href":"https:\/\/api.w.org\/{rel}","templated":true}]}}