{"id":23545,"date":"2021-03-31T17:07:08","date_gmt":"2021-03-31T20:07:08","guid":{"rendered":"https:\/\/portalmovil.com.ar\/?p=23545"},"modified":"2021-03-31T17:07:12","modified_gmt":"2021-03-31T20:07:12","slug":"hasta-el-30-de-abril-hay-tiempo-de-presentar-listas-para-elecciones-vecinales","status":"publish","type":"post","link":"https:\/\/portalmovil.com.ar\/index.php\/2021\/03\/31\/hasta-el-30-de-abril-hay-tiempo-de-presentar-listas-para-elecciones-vecinales\/","title":{"rendered":"Hasta el 30 de abril hay tiempo de presentar listas para elecciones vecinales"},"content":{"rendered":"\n<p>Junto a la conformada Junta Electoral Vecinal, el intendente Gustavo Mart\u00ednez anunci\u00f3 que hasta el 30 de abril rige el plazo para que vecinos y vecinas de Resistencia puedan presentar sus listas para la elecci\u00f3n de las comisiones vecinales. Los comicios se desarrollar\u00e1n siempre que las condiciones sanitarias por pandemia lo permitan y detall\u00f3 que los interesados en sumarse a esta iniciativa democr\u00e1tica local pueden consultar la p\u00e1gina resistencia.gob.ar<\/p>\n\n\n\n<p>El jefe comunal remarc\u00f3 que con el inicio de este proceso, Resistencia podr\u00e1 \u201crecuperar el v\u00ednculo con vecinos y vecinas, que para nosotros es muy importante como filosof\u00eda de trabajo\u201d. \u201cLamentablemente, no lo pudimos hacer durante el \u00faltimo a\u00f1o y meses producto de la situaci\u00f3n de pandemia. Sabemos que tenemos muchas demandas que atender. Y la verdad es lo que m\u00e1s extra\u00f1amos, porque sinceramente entendemos que es muy importante para nosotros nutrirnos de nuestros vecinos y vecinas, estar en contacto cara a cara. Y sabemos que hoy la necesidad de nuestros vecinos y vecinas es que estemos con ellos y ellas\u201d, agreg\u00f3.<\/p>\n\n\n\n<p>Junto a las y los concejales Carla Cantero, Soledad Villagra, Mario Delgado y Jorge Wozniczka, valor\u00f3 la puesta en marcha de esta iniciativa que garantizar\u00e1 la participaci\u00f3n de vecinos y vecinas en un \u00e1mbito plural, diverso y cuyo objetivo es \u201ctrabajar por el barrio\u201d. \u201cLa comisi\u00f3n vecinal tiene que tener ese objetivo. Tiene que trabajar por el barrio, para el barrio y con todos los vecinos y vecinas, sin distinci\u00f3n de bander\u00edas pol\u00edticas\u201d, concluy\u00f3. Por otro lado, record\u00f3 que las elecciones de las comisiones vecinales inevitablemente debieron postergarse el a\u00f1o pasado por las primeras consecuencias de la pandemia y a la vez agradeci\u00f3 el involucramiento y participaci\u00f3n del Concejo Municipal para acompa\u00f1ar este proceso.<\/p>\n\n\n\n<h3 class=\"wp-block-heading\"><strong>La Junta Electoral<\/strong><\/h3>\n\n\n\n<p>La Junta Electoral Vecinal est\u00e1 constituida de la siguiente manera:<\/p>\n\n\n\n<p>&#8211;<em>Presidente<\/em>: Rafael Gonz\u00e1lez (vecino)<\/p>\n\n\n\n<p>&#8211;<em>Secretaria<\/em>: Graciela Contrera (subsecretaria de Relaciones con la Comunidad)<\/p>\n\n\n\n<p>&#8211;<em>Prosecretaria<\/em>: Otilia Aguirre (subsecretaria de Ordenamiento Territorial)<\/p>\n\n\n\n<p>&#8211;<em>Vocales:<\/em>&nbsp;concejales Dino Ortiz (UCR), Carlos Salom (UCR), Carla Cantero (UCR), Fabricio Bolatti (FC), Soledad Villagra (CER), Mario Delgado (CER) y Jorge Wozniczka (CER).<\/p>\n\n\n\n<p>Entre sus caracter\u00edsticas, la Junta Electoral Vecinal interviene, supervisa y conduce la totalidad del proceso electoral destinado a la conformaci\u00f3n de autoridades de las comisiones vecinales y tiene funciones similares a cualquier junta electoral tradicional, como por ejemplo aprobar los padrones, oficializar boletas electorales o designar las autoridades de la elecci\u00f3n.<\/p>\n","protected":false},"excerpt":{"rendered":"<p>Junto a la conformada Junta Electoral Vecinal, el intendente Gustavo Mart\u00ednez anunci\u00f3 que hasta el 30 de abril rige el plazo para que vecinos y vecinas de Resistencia puedan presentar sus listas para la elecci\u00f3n de las comisiones vecinales. Los comicios se desarrollar\u00e1n siempre que las condiciones sanitarias por pandemia lo permitan y detall\u00f3 que &hellip;<\/p>\n","protected":false},"author":2,"featured_media":23546,"comment_status":"open","ping_status":"open","sticky":false,"template":"","format":"standard","meta":{"_jetpack_memberships_contains_paid_content":false,"footnotes":"","jetpack_publicize_message":"","jetpack_publicize_feature_enabled":true,"jetpack_social_post_already_shared":true,"jetpack_social_options":{"image_generator_settings":{"template":"highway","default_image_id":0,"font":"","enabled":false},"version":2}},"categories":[14,37],"tags":[],"class_list":["post-23545","post","type-post","status-publish","format-standard","has-post-thumbnail","hentry","category-politica","category-resistencia"],"jetpack_publicize_connections":[],"jetpack_featured_media_url":"https:\/\/portalmovil.com.ar\/wp-content\/uploads\/2021\/03\/6064a0677daa9314080654.jpg","jetpack_sharing_enabled":true,"amp_enabled":true,"_links":{"self":[{"href":"https:\/\/portalmovil.com.ar\/index.php\/wp-json\/wp\/v2\/posts\/23545","targetHints":{"allow":["GET"]}}],"collection":[{"href":"https:\/\/portalmovil.com.ar\/index.php\/wp-json\/wp\/v2\/posts"}],"about":[{"href":"https:\/\/portalmovil.com.ar\/index.php\/wp-json\/wp\/v2\/types\/post"}],"author":[{"embeddable":true,"href":"https:\/\/portalmovil.com.ar\/index.php\/wp-json\/wp\/v2\/users\/2"}],"replies":[{"embeddable":true,"href":"https:\/\/portalmovil.com.ar\/index.php\/wp-json\/wp\/v2\/comments?post=23545"}],"version-history":[{"count":1,"href":"https:\/\/portalmovil.com.ar\/index.php\/wp-json\/wp\/v2\/posts\/23545\/revisions"}],"predecessor-version":[{"id":23547,"href":"https:\/\/portalmovil.com.ar\/index.php\/wp-json\/wp\/v2\/posts\/23545\/revisions\/23547"}],"wp:featuredmedia":[{"embeddable":true,"href":"https:\/\/portalmovil.com.ar\/index.php\/wp-json\/wp\/v2\/media\/23546"}],"wp:attachment":[{"href":"https:\/\/portalmovil.com.ar\/index.php\/wp-json\/wp\/v2\/media?parent=23545"}],"wp:term":[{"taxonomy":"category","embeddable":true,"href":"https:\/\/portalmovil.com.ar\/index.php\/wp-json\/wp\/v2\/categories?post=23545"},{"taxonomy":"post_tag","embeddable":true,"href":"https:\/\/portalmovil.com.ar\/index.php\/wp-json\/wp\/v2\/tags?post=23545"}],"curies":[{"name":"wp","href":"https:\/\/api.w.org\/{rel}","templated":true}]}}