{"id":2352,"date":"2020-02-24T16:10:28","date_gmt":"2020-02-24T19:10:28","guid":{"rendered":"http:\/\/portalmovil.com.ar\/?p=2352"},"modified":"2020-02-24T16:10:36","modified_gmt":"2020-02-24T19:10:36","slug":"coronavirus-el-director-general-de-la-oms-pide-al-mundo-a-que-se-prepare-para-una-eventual-pandemia","status":"publish","type":"post","link":"https:\/\/portalmovil.com.ar\/index.php\/2020\/02\/24\/coronavirus-el-director-general-de-la-oms-pide-al-mundo-a-que-se-prepare-para-una-eventual-pandemia\/","title":{"rendered":"Coronavirus: El director general de la OMS pide al mundo a que se prepare para una \u201ceventual pandemia\u201d"},"content":{"rendered":"\n<p>a epidemia de neumon\u00eda viral se aceleraba este lunes en todo el mundo, con nuevos pa\u00edses afectados, una situaci\u00f3n que puso en alerta los mercados financieros y llev\u00f3 a la OMS a advertir sobre el riesgo de una pandemia.<\/p>\n\n\n\n<p>Dos meses despu\u00e9s de la aparici\u00f3n del nuevo coronavirus en el centro de China,&nbsp;<strong>cinco pa\u00edses anunciaron sus primeros casos de contaminaci\u00f3n<\/strong>: Afganist\u00e1n, Bareim, Kuwait, Irak y Om\u00e1n, que decidi\u00f3 suspender sus vuelos con Ir\u00e1n. En el mundo la cifra de decesos se aproxima a los 2.700 y la de contagios a 80.000<\/p>\n\n\n\n<p>Frente a la epidemia&nbsp;<strong>el director general de la Organizaci\u00f3n Mundial de la Salud (OMS) inst\u00f3<\/strong>&nbsp;este lunes al mundo a que se prepare para una<strong>&nbsp;\u201ceventual pandemia\u201d.<\/strong><\/p>\n\n\n\n<figure class=\"wp-block-image\"><img decoding=\"async\" src=\"https:\/\/viapais.com.ar\/files\/2020\/02\/20200224170844_41574470_0_body-768x528.jpg\" alt=\"En Italia son siete ya los muertos (Foto: EFE\/EPA\/SIMONE VENEZIA)\"\/><\/figure>\n\n\n\n<p>\u201cTenemos que concentrarnos en frenar (la epidemia) al mismo tiempo que hacemos todo lo posible para prepararnos a una eventual pandemia\u201d, declar\u00f3 Tedros Adhanom Ghebreyesus, en Ginebra<\/p>\n\n\n\n<p><strong>Corea del Sur e Ir\u00e1n<\/strong>&nbsp;tienen ahora el mayor n\u00famero de casos de contaminaci\u00f3n y de fallecimientos fuera de China.<\/p>\n\n\n\n<figure class=\"wp-block-image\"><img decoding=\"async\" src=\"https:\/\/viapais.com.ar\/files\/2020\/02\/20200224170846_41574428_0_body-768x490.jpg\" alt=\"El director general de la OMS inst\u00f3 al mundo a que se prepare para una &quot;eventual pandemia&quot; (Foto: REUTERS\/Yara Nardi)\"\/><\/figure>\n\n\n\n<p><strong>Hong Kong&nbsp;<\/strong>decidi\u00f3 por su parte&nbsp;<strong>prohibir a partir del martes las llegadas de no residentes&nbsp;<\/strong>en procedencia de Corea del Sur y pidi\u00f3 a los residentes de Hong Kong que se abstengan en los posible de viajar.<\/p>\n\n\n\n<p>Menos de una semana despu\u00e9s de la detecci\u00f3n del primer enfermo en su territorio, Ir\u00e1n anunci\u00f3 cuatro nuevos fallecimientos, lo que lleva a 12 el n\u00famero de v\u00edctimas de la epidemia en la Rep\u00fablica Isl\u00e1mica.<\/p>\n\n\n\n<p>Con 64 personas contaminadas en ese pa\u00eds, esta tasa de mortalidad de uno de cada cinco parece mucho m\u00e1s elevada que la que se registr\u00f3 hasta ahora en China (alrededor del 3%).<\/p>\n\n\n\n<figure class=\"wp-block-image\"><img decoding=\"async\" src=\"https:\/\/viapais.com.ar\/files\/2020\/02\/20200224170850_41574298_0_body-768x512.jpg\" alt=\"Hong Kong decidi\u00f3 por su parte prohibir a partir del martes las llegadas de no residentes (Foto: Andrea Merola\/Bloomberg)\"\/><\/figure>\n\n\n\n<p>Preocupados por el contagio en&nbsp;<strong>Ir\u00e1n, Armenia, Turqu\u00eda, Jordania, Pakist\u00e1n, Irak y Afganist\u00e1n<\/strong>&nbsp;cerraron su frontera o limitaron los intercambios con el pa\u00eds. Al menos 200 personas fueron puestas en cuarentena en Pakist\u00e1n, en la frontera con Ir\u00e1n.<\/p>\n\n\n\n<p>En total m\u00e1s de 30 pa\u00edses est\u00e1n afectados por el nuevo coronavirus, con un balance superior a los 30 muertos fuera de China.<\/p>\n\n\n\n<p><strong>Corea del Sur&nbsp;<\/strong>anunci\u00f3 una cifra r\u00e9cord de 231 nuevos casos de contaminaci\u00f3n en 24 horas y tiene ahora 800 personas contaminadas, entre ellas siete que fallecieron.<\/p>\n\n\n\n<p>Esta cifra es superior a la de Jap\u00f3n, donde el crucero \u201cDiamond Princess\u201d era hasta ahora el principal foco de contaminaci\u00f3n fuera de China.<\/p>\n\n\n\n<figure class=\"wp-block-image\"><img decoding=\"async\" src=\"https:\/\/viapais.com.ar\/files\/2020\/02\/20200224170853_41574405_0_body.jpg\" alt=\"Infograf\u00eda ilustrando el peso econ\u00f3mico de las regiones italianas m\u00e1s afectadas por la epidemia de coronavirus - AFP \/ AFP\"\/><\/figure>\n\n\n\n<p><strong>Mongolia<\/strong>, que ya cerr\u00f3 su frontera con China pero que hasta ahora escap\u00f3 al virus, anunci\u00f3 la suspensi\u00f3n de sus conexiones a\u00e9reas con Corea del Sur.<\/p>\n\n\n\n<p>En&nbsp;<strong>China<\/strong>, donde el coronavirus apareci\u00f3 en diciembre en un mercado de Wuhan (centro), la epidemia dej\u00f3 otros 150 muertos en las \u00faltimas 24 horas.<\/p>\n\n\n\n<p>En total, cerca de 2.600 personas murieron en China, donde hubo 77.000 casos de contaminaci\u00f3n.<\/p>\n\n\n\n<p>Frente a la gravedad de la situaci\u00f3n, el r\u00e9gimen comunista decidi\u00f3 aplazar, por primera vez en tres d\u00e9cadas, la sesi\u00f3n anual del Parlamento que iba a empezar el 5 de marzo.<\/p>\n\n\n\n<p>Adem\u00e1s las autoridades prohibir\u00e1n \u201ccompletamente\u201d y de forma inmediata el comercio y el consumo de animales salvajes, una pr\u00e1ctica que supuestamente contribuy\u00f3 a la propagaci\u00f3n.<\/p>\n\n\n\n<figure class=\"wp-block-image\"><img decoding=\"async\" src=\"https:\/\/viapais.com.ar\/files\/2020\/02\/20200224170854_41574293_0_body-768x512.jpg\" alt=\"Un equipo de expertos de la Organizaci\u00f3n Mundial de la Salud (OMS) visit\u00f3 el fin de semana Wuhan, indic\u00f3 el ministerio de Sanidad (Foto: Andrea Merola\/Bloomberg)\"\/><\/figure>\n\n\n\n<p>En Wuhan, la ciudad de 11 millones de habitantes del centro de China aislada del mundo desde hace un mes, el ayuntamiento renunci\u00f3 a aligerar las estrictas medidas de confinamiento.<\/p>\n\n\n\n<p>Un equipo de expertos de la Organizaci\u00f3n Mundial de la Salud (OMS) visit\u00f3 el fin de semana Wuhan, indic\u00f3 el ministerio de Sanidad.<\/p>\n\n\n\n<p>La aceleraci\u00f3n de la contaminaci\u00f3n en los \u00faltimos d\u00edas hizo caer las bolsas, sobre todo en Europa, donde Mil\u00e1n, Par\u00eds y Fr\u00e1ncfort cayeron m\u00e1s de un 3% durante la jornada.<\/p>\n\n\n\n<p>La directora del Fondo Monetario Internacional (FMI), Kristalina Georgieva, advirti\u00f3 que la crisis \u201cpodr\u00eda poner en peligro\u201d la recuperaci\u00f3n mundial, durante una reuni\u00f3n ministerial del G20 en&nbsp;<strong>Arabia Saudita.<\/strong><\/p>\n","protected":false},"excerpt":{"rendered":"<p>a epidemia de neumon\u00eda viral se aceleraba este lunes en todo el mundo, con nuevos pa\u00edses afectados, una situaci\u00f3n que puso en alerta los mercados financieros y llev\u00f3 a la OMS a advertir sobre el riesgo de una pandemia. Dos meses despu\u00e9s de la aparici\u00f3n del nuevo coronavirus en el centro de China,&nbsp;cinco pa\u00edses anunciaron &hellip;<\/p>\n","protected":false},"author":2,"featured_media":2353,"comment_status":"open","ping_status":"open","sticky":false,"template":"","format":"standard","meta":{"_jetpack_memberships_contains_paid_content":false,"footnotes":"","jetpack_publicize_message":"","jetpack_publicize_feature_enabled":true,"jetpack_social_post_already_shared":true,"jetpack_social_options":{"image_generator_settings":{"template":"highway","default_image_id":0,"font":"","enabled":false},"version":2}},"categories":[17,12],"tags":[],"class_list":["post-2352","post","type-post","status-publish","format-standard","has-post-thumbnail","hentry","category-mundo","category-ultimo"],"jetpack_publicize_connections":[],"jetpack_featured_media_url":"https:\/\/portalmovil.com.ar\/wp-content\/uploads\/2020\/02\/OMS-coronavirus.jpg","jetpack_sharing_enabled":true,"amp_enabled":true,"_links":{"self":[{"href":"https:\/\/portalmovil.com.ar\/index.php\/wp-json\/wp\/v2\/posts\/2352","targetHints":{"allow":["GET"]}}],"collection":[{"href":"https:\/\/portalmovil.com.ar\/index.php\/wp-json\/wp\/v2\/posts"}],"about":[{"href":"https:\/\/portalmovil.com.ar\/index.php\/wp-json\/wp\/v2\/types\/post"}],"author":[{"embeddable":true,"href":"https:\/\/portalmovil.com.ar\/index.php\/wp-json\/wp\/v2\/users\/2"}],"replies":[{"embeddable":true,"href":"https:\/\/portalmovil.com.ar\/index.php\/wp-json\/wp\/v2\/comments?post=2352"}],"version-history":[{"count":1,"href":"https:\/\/portalmovil.com.ar\/index.php\/wp-json\/wp\/v2\/posts\/2352\/revisions"}],"predecessor-version":[{"id":2354,"href":"https:\/\/portalmovil.com.ar\/index.php\/wp-json\/wp\/v2\/posts\/2352\/revisions\/2354"}],"wp:featuredmedia":[{"embeddable":true,"href":"https:\/\/portalmovil.com.ar\/index.php\/wp-json\/wp\/v2\/media\/2353"}],"wp:attachment":[{"href":"https:\/\/portalmovil.com.ar\/index.php\/wp-json\/wp\/v2\/media?parent=2352"}],"wp:term":[{"taxonomy":"category","embeddable":true,"href":"https:\/\/portalmovil.com.ar\/index.php\/wp-json\/wp\/v2\/categories?post=2352"},{"taxonomy":"post_tag","embeddable":true,"href":"https:\/\/portalmovil.com.ar\/index.php\/wp-json\/wp\/v2\/tags?post=2352"}],"curies":[{"name":"wp","href":"https:\/\/api.w.org\/{rel}","templated":true}]}}