{"id":23506,"date":"2021-03-31T12:19:59","date_gmt":"2021-03-31T15:19:59","guid":{"rendered":"https:\/\/portalmovil.com.ar\/?p=23506"},"modified":"2021-03-31T12:20:04","modified_gmt":"2021-03-31T15:20:04","slug":"oficializan-la-extension-hasta-el-15-de-mayo-del-programa-precios-maximos","status":"publish","type":"post","link":"https:\/\/portalmovil.com.ar\/index.php\/2021\/03\/31\/oficializan-la-extension-hasta-el-15-de-mayo-del-programa-precios-maximos\/","title":{"rendered":"Oficializan la extensi\u00f3n hasta el 15 de mayo del programa Precios M\u00e1ximos"},"content":{"rendered":"\n<p>La Secretar\u00eda de Comercio Interior formaliz\u00f3 la extensi\u00f3n hasta el 15 de mayo pr\u00f3ximo de la vigencia del programa Precios M\u00e1ximos, con los mismos valores y productos alcanzados en la \u00faltima actualizaci\u00f3n, a comienzos de febrero de este a\u00f1o.<\/p>\n\n\n\n<p>A trav\u00e9s de la resoluci\u00f3n 281\/2021, publicada este mi\u00e9rcoles en el Bolet\u00edn Oficial, la dependencia que conduce Paula Espa\u00f1ol prorrog\u00f3 por 45 d\u00edas el programa sin cambios en las condiciones, ya que ni se autorizan nuevos aumentos, ni se deslistan productos.<\/p>\n\n\n\n<p>Adem\u00e1s, volvi\u00f3 a intimar a las empresas que forman parte integrante de la cadena de producci\u00f3n, distribuci\u00f3n y comercializaci\u00f3n de los productos incluidos, a incrementar su producci\u00f3n hasta el m\u00e1ximo de su capacidad instalada y a arbitrar las medidas conducentes para asegurar su transporte y provisi\u00f3n durante el per\u00edodo de vigencia de dicha resoluci\u00f3n.<\/p>\n\n\n\n<p>La \u00faltima actualizaci\u00f3n del programa se realiz\u00f3 el 4 de febrero, cuando Comercio Interior posterg\u00f3 hasta este mi\u00e9rcoles los efectos de la resoluci\u00f3n 100\/2020, que en marzo del a\u00f1o pasado congel\u00f3 los precios de 18 categor\u00edas de productos para evitar el impacto sobre precios en el marco de la pandemia de coronavirus.<\/p>\n\n\n\n<p>El programa incluye a todos los almacenes, mercados, autoservicios, supermercados e hipermercados, a excepci\u00f3n de las mipymes y establecimientos mayoristas de venta de productos de consumo masivo, que cuenten con sal\u00f3n de ventas<\/p>\n\n\n\n<p>En esa oportunidad se exceptuaron del programa vinos, espumantes, miel y un grupo de productos regionales, estos \u00faltimos elaborados principalmente por micro, peque\u00f1as y medianas empresas (mipymes).<\/p>\n\n\n\n<p>Tambi\u00e9n se excluyeron algunos productos l\u00e1cteos, pastas secas, masas, golosinas, milanesas de soja, az\u00facares premium y productos sin TACC, entre otros, fabricados por mipymes.<\/p>\n\n\n\n<p>Al fundamentar la medida, la Secretar\u00eda se\u00f1al\u00f3 que se trataba de productos que \u00abno forman parte de los que tienen relevancia en la satisfacci\u00f3n de las necesidades b\u00e1sicas de los consumidores y usuarios\u00bb.<\/p>\n\n\n\n<p>En total, Comercio Interior desafect\u00f3 productos de Precios M\u00e1ximos en tres oportunidades, luego de haberlo hecho el 12 de noviembre y el 12 enero \u00faltimo para determinados rubros.<\/p>\n\n\n\n<p>El programa incluye a todos los almacenes, mercados, autoservicios, supermercados e hipermercados, a excepci\u00f3n de las mipymes y establecimientos mayoristas de venta de productos de consumo masivo, que cuenten con sal\u00f3n de ventas.<\/p>\n\n\n\n<p>Tambi\u00e9n rige para todos los distribuidores, productores y comercializadores de cosas muebles, obras y servicios, y prestaciones que se destinen a la producci\u00f3n, construcci\u00f3n, procesamiento, comercializaci\u00f3n, sanidad, alimentaci\u00f3n, vestimenta, higiene, vivienda, deporte, cultura, transporte y log\u00edstica, y esparcimiento.<\/p>\n","protected":false},"excerpt":{"rendered":"<p>La Secretar\u00eda de Comercio Interior formaliz\u00f3 la extensi\u00f3n hasta el 15 de mayo pr\u00f3ximo de la vigencia del programa Precios M\u00e1ximos, con los mismos valores y productos alcanzados en la \u00faltima actualizaci\u00f3n, a comienzos de febrero de este a\u00f1o. A trav\u00e9s de la resoluci\u00f3n 281\/2021, publicada este mi\u00e9rcoles en el Bolet\u00edn Oficial, la dependencia que &hellip;<\/p>\n","protected":false},"author":2,"featured_media":23507,"comment_status":"open","ping_status":"open","sticky":false,"template":"","format":"standard","meta":{"_jetpack_memberships_contains_paid_content":false,"footnotes":"","jetpack_publicize_message":"","jetpack_publicize_feature_enabled":true,"jetpack_social_post_already_shared":true,"jetpack_social_options":{"image_generator_settings":{"template":"highway","default_image_id":0,"font":"","enabled":false},"version":2}},"categories":[175,12],"tags":[],"class_list":["post-23506","post","type-post","status-publish","format-standard","has-post-thumbnail","hentry","category-economia","category-ultimo"],"jetpack_publicize_connections":[],"jetpack_featured_media_url":"https:\/\/portalmovil.com.ar\/wp-content\/uploads\/2021\/03\/bigstock-shopper-with-mask-safely-buyin-360926161-scaled.jpg","jetpack_sharing_enabled":true,"amp_enabled":true,"_links":{"self":[{"href":"https:\/\/portalmovil.com.ar\/index.php\/wp-json\/wp\/v2\/posts\/23506","targetHints":{"allow":["GET"]}}],"collection":[{"href":"https:\/\/portalmovil.com.ar\/index.php\/wp-json\/wp\/v2\/posts"}],"about":[{"href":"https:\/\/portalmovil.com.ar\/index.php\/wp-json\/wp\/v2\/types\/post"}],"author":[{"embeddable":true,"href":"https:\/\/portalmovil.com.ar\/index.php\/wp-json\/wp\/v2\/users\/2"}],"replies":[{"embeddable":true,"href":"https:\/\/portalmovil.com.ar\/index.php\/wp-json\/wp\/v2\/comments?post=23506"}],"version-history":[{"count":1,"href":"https:\/\/portalmovil.com.ar\/index.php\/wp-json\/wp\/v2\/posts\/23506\/revisions"}],"predecessor-version":[{"id":23509,"href":"https:\/\/portalmovil.com.ar\/index.php\/wp-json\/wp\/v2\/posts\/23506\/revisions\/23509"}],"wp:featuredmedia":[{"embeddable":true,"href":"https:\/\/portalmovil.com.ar\/index.php\/wp-json\/wp\/v2\/media\/23507"}],"wp:attachment":[{"href":"https:\/\/portalmovil.com.ar\/index.php\/wp-json\/wp\/v2\/media?parent=23506"}],"wp:term":[{"taxonomy":"category","embeddable":true,"href":"https:\/\/portalmovil.com.ar\/index.php\/wp-json\/wp\/v2\/categories?post=23506"},{"taxonomy":"post_tag","embeddable":true,"href":"https:\/\/portalmovil.com.ar\/index.php\/wp-json\/wp\/v2\/tags?post=23506"}],"curies":[{"name":"wp","href":"https:\/\/api.w.org\/{rel}","templated":true}]}}