{"id":23401,"date":"2021-03-30T08:52:46","date_gmt":"2021-03-30T11:52:46","guid":{"rendered":"https:\/\/portalmovil.com.ar\/?p=23401"},"modified":"2021-03-30T08:52:48","modified_gmt":"2021-03-30T11:52:48","slug":"resistencia-un-allanamiento-en-el-barrio-autoconvocados-termino-con-el-secuestro-de-marihuana-y-un-detenido","status":"publish","type":"post","link":"https:\/\/portalmovil.com.ar\/index.php\/2021\/03\/30\/resistencia-un-allanamiento-en-el-barrio-autoconvocados-termino-con-el-secuestro-de-marihuana-y-un-detenido\/","title":{"rendered":"Resistencia: Un allanamiento en el Barrio Autoconvocados termin\u00f3 con el secuestro de marihuana y un detenido"},"content":{"rendered":"\n<p>Seg\u00fan informaron desde la Polic\u00eda, el operativo de allanamiento tuvo lugar ayer cerca de las 19:00 sobre una vivienda ubicada por avenida San Mart\u00edn al 3200, en el barrio Autoconvocados y se encuadr\u00f3 en una supuesta causa de \u201cventa de estupefacientes\u201d que era investigada previamente.<\/p>\n\n\n\n<p>En el lugar tambi\u00e9n habr\u00eda quedado detenido el propietario de la casa, un hombre de 34 a\u00f1os a quien se le notific\u00f3 su situaci\u00f3n legal en la causa caratulada como \u201csupuesta infracci\u00f3n a la Ley de Estupefacientes\u201d.<\/p>\n","protected":false},"excerpt":{"rendered":"<p>Seg\u00fan informaron desde la Polic\u00eda, el operativo de allanamiento tuvo lugar ayer cerca de las 19:00 sobre una vivienda ubicada por avenida San Mart\u00edn al 3200, en el barrio Autoconvocados y se encuadr\u00f3 en una supuesta causa de \u201cventa de estupefacientes\u201d que era investigada previamente. En el lugar tambi\u00e9n habr\u00eda quedado detenido el propietario de &hellip;<\/p>\n","protected":false},"author":2,"featured_media":23402,"comment_status":"open","ping_status":"open","sticky":false,"template":"","format":"standard","meta":{"_jetpack_memberships_contains_paid_content":false,"footnotes":"","jetpack_publicize_message":"","jetpack_publicize_feature_enabled":true,"jetpack_social_post_already_shared":true,"jetpack_social_options":{"image_generator_settings":{"template":"highway","default_image_id":0,"font":"","enabled":false},"version":2}},"categories":[28,8,37],"tags":[],"class_list":["post-23401","post","type-post","status-publish","format-standard","has-post-thumbnail","hentry","category-actualidad","category-policiales","category-resistencia"],"jetpack_publicize_connections":[],"jetpack_featured_media_url":"https:\/\/portalmovil.com.ar\/wp-content\/uploads\/2021\/03\/20210330_084959.jpg","jetpack_sharing_enabled":true,"amp_enabled":true,"_links":{"self":[{"href":"https:\/\/portalmovil.com.ar\/index.php\/wp-json\/wp\/v2\/posts\/23401","targetHints":{"allow":["GET"]}}],"collection":[{"href":"https:\/\/portalmovil.com.ar\/index.php\/wp-json\/wp\/v2\/posts"}],"about":[{"href":"https:\/\/portalmovil.com.ar\/index.php\/wp-json\/wp\/v2\/types\/post"}],"author":[{"embeddable":true,"href":"https:\/\/portalmovil.com.ar\/index.php\/wp-json\/wp\/v2\/users\/2"}],"replies":[{"embeddable":true,"href":"https:\/\/portalmovil.com.ar\/index.php\/wp-json\/wp\/v2\/comments?post=23401"}],"version-history":[{"count":1,"href":"https:\/\/portalmovil.com.ar\/index.php\/wp-json\/wp\/v2\/posts\/23401\/revisions"}],"predecessor-version":[{"id":23403,"href":"https:\/\/portalmovil.com.ar\/index.php\/wp-json\/wp\/v2\/posts\/23401\/revisions\/23403"}],"wp:featuredmedia":[{"embeddable":true,"href":"https:\/\/portalmovil.com.ar\/index.php\/wp-json\/wp\/v2\/media\/23402"}],"wp:attachment":[{"href":"https:\/\/portalmovil.com.ar\/index.php\/wp-json\/wp\/v2\/media?parent=23401"}],"wp:term":[{"taxonomy":"category","embeddable":true,"href":"https:\/\/portalmovil.com.ar\/index.php\/wp-json\/wp\/v2\/categories?post=23401"},{"taxonomy":"post_tag","embeddable":true,"href":"https:\/\/portalmovil.com.ar\/index.php\/wp-json\/wp\/v2\/tags?post=23401"}],"curies":[{"name":"wp","href":"https:\/\/api.w.org\/{rel}","templated":true}]}}